{"id":987,"date":"2023-02-20T09:30:03","date_gmt":"2023-02-20T09:30:03","guid":{"rendered":"https:\/\/grupohedimacorporate.com\/?p=987"},"modified":"2023-07-18T09:31:57","modified_gmt":"2023-07-18T09:31:57","slug":"la-salud-en-las-empresas","status":"publish","type":"post","link":"https:\/\/grupohedimacorporate.com\/la-salud-en-las-empresas\/","title":{"rendered":"La salud en las empresas"},"content":{"rendered":"<p><span style=\"color: #000000; font-size: 14pt;\"><strong>En nuestra labor de ayudar a las empresas a ser m\u00e1s saludables, nos hemos aliado con una experta en el \u00e1rea, a quien hemos entrevistado para acercar todo su conocimiento a aquellas personas responsables de la salud y bienestar de sus empresas.<\/strong><\/span><\/p>\n<p><span style=\"color: #000000;\"><strong>Lourdes Tom\u00e1s<\/strong><\/span> es M\u00e9dico de familia, Doctora de enfermedades cardiovasculares por la universidad de Navarra y M\u00e1ster en Psiconeuroinmunoendocrinolog\u00eda cl\u00ednica.<\/p>\n<p>Lourdes lleva a\u00f1os combinando su labor m\u00e9dica y de investigaci\u00f3n cient\u00edfica con el desarrollo de programas de conocimiento de salud y bienestar en entornos sociales y empresariales.<\/p>\n<p>Es autora del libro <span style=\"color: #000000;\"><strong>\u00abLa salud tu mejor talento\u00bb<\/strong><\/span> (actualmente en su 9\u00aa edici\u00f3n) y del programa formativo <span style=\"color: #000000;\"><strong>\u00abCaminando hacia la salud\u00bb<\/strong><\/span>, una acci\u00f3n formativa a la que han recurrido muchos de los clientes de <span style=\"color: #000000;\"><strong>Grupo Hedima Corporate L&amp;D<\/strong><\/span> como base de sus programas de <span style=\"color: #000000;\"><strong>wellness corporativo<\/strong><\/span>.<\/p>\n<p>&nbsp;<\/p>\n<h3 style=\"text-align: left;\"><span style=\"color: #000000;\"><strong>\u00bfQu\u00e9 es para Lourdes Tom\u00e1s una empresa saludable?<\/strong><\/span><\/h3>\n<p>Yo entiendo que una empresa saludable es aquella que promociona un entorno estructural y funcional sano para los empleados, con din\u00e1micas y pr\u00e1cticas que conllevan un desarrollo profesional y personal \u00f3ptimo para cada uno de ellos.<\/p>\n<p>Nosotros apostamos por el lema <strong>\u00abpersonas sanas, empresas saludables\u00bb<\/strong> porque, \u00bfno es acaso una empresa la uni\u00f3n de un grupo de personas que funcionan bajo una misma direcci\u00f3n? As\u00ed que, si sabemos que cuidando el cuerpo con una buena alimentaci\u00f3n, un sue\u00f1o de calidad, la pr\u00e1ctica diaria de deporte y meditaci\u00f3n, entre otras cosas, mejora el rendimiento f\u00edsico, mental, emocional y social de la persona, \u00bfpor qu\u00e9 no hacerlo desde la empresa, donde esas personas pasan la mayor parte de su tiempo? Al fin y al cabo, es ah\u00ed donde el rendimiento global y el alcance de los objetivos profesionales son importantes para el buen funcionamiento de la propia empresa.<\/p>\n<p><span style=\"color: #000000;\"><strong>Los beneficios para la empresa son evidentes cuando sus empleados \u201centrenan\u201d su salud como un talento<\/strong><\/span>. Hay mucha bibliograf\u00eda que lo confirma y que se\u00f1ala lo siguiente:<\/p>\n<ul style=\"list-style-type: circle;\">\n<li><span style=\"color: #000000;\"><strong>Menor porcentaje de bajas<\/strong><\/span><\/li>\n<li><span style=\"color: #000000;\"><strong>Menor absentismo<\/strong><\/span><\/li>\n<li><span style=\"color: #000000;\"><strong>Mejor nivel de salud mental<\/strong><\/span><\/li>\n<li><span style=\"color: #000000;\"><strong>Mayor productividad y creatividad de los empleados<\/strong><\/span><\/li>\n<li><span style=\"color: #000000;\"><strong>Mejor entorno socio-laboral en los diferentes departamentos<\/strong><\/span><\/li>\n<li><span style=\"color: #000000;\"><strong>Mayor sentido de pertenencia<\/strong>, entre otros beneficios.<\/span><\/li>\n<\/ul>\n<p>Resulta obvio entender que ofreceremos nuestra mejor versi\u00f3n en un entorno donde nos sintamos cuidados y promocionados, no solo en lo profesional, sino tambi\u00e9n en algo tan personal como es la propia salud integral.<\/p>\n<p>&nbsp;<\/p>\n<p><img loading=\"lazy\" decoding=\"async\" class=\"aligncenter wp-image-1041 size-full\" src=\"https:\/\/grupohedimacorporate.com\/wp-content\/uploads\/2023\/02\/Lourdes_Tomas_02.jpg\" alt=\"Lourdes Tom\u00e1s explica a Grupo Hedima Corporate L&amp;D las claves para una empresa saludable. \" width=\"1000\" height=\"548\" srcset=\"https:\/\/grupohedimacorporate.com\/wp-content\/uploads\/2023\/02\/Lourdes_Tomas_02.jpg 1000w, https:\/\/grupohedimacorporate.com\/wp-content\/uploads\/2023\/02\/Lourdes_Tomas_02-300x164.jpg 300w, https:\/\/grupohedimacorporate.com\/wp-content\/uploads\/2023\/02\/Lourdes_Tomas_02-768x421.jpg 768w\" sizes=\"auto, (max-width: 1000px) 100vw, 1000px\" \/><\/p>\n<p>&nbsp;<\/p>\n<h3 style=\"text-align: left;\"><span style=\"color: #000000;\"><strong>\u00bfEn qu\u00e9 momento decides dirigir tus esfuerzos divulgativos hacia las empresas? \u00bfcon qu\u00e9 tipo de empresas has trabajado?<\/strong><\/span><\/h3>\n<p>Hace casi 15 a\u00f1os me pregunt\u00e9 que, si en mi d\u00eda a d\u00eda en la consulta ve\u00eda c\u00f3mo multitud de pacientes mejoraban sus s\u00edntomas m\u00e1s diversos al aprender y aplicar\u00a0 la medicina de estilos de vida de manera consciente y proactiva, <span style=\"color: #000000;\"><strong>\u00bfpor qu\u00e9 no llevar todo esto al mundo empresarial?<\/strong><\/span> Y ah\u00ed empezamos a desarrollar el concepto de \u201cla salud, tu mejor talento\u201d dentro de las organizaciones.<\/p>\n<p>Durante estos a\u00f1os hemos trabajado con nueve empresas del Ibex 35, empresas de seguros, despachos internacionales de abogados, aseguradoras m\u00e9dicas, consultoras, medios de comunicaci\u00f3n, administraciones p\u00fablicas, mutuas m\u00e9dicas, escuelas de negocio, y otras grandes y medianas empresas de distintos sectores de actividad.<\/p>\n<p>En la actualidad, todas las empresas en las que hemos colaborado tienen programas de bienestar en marcha.<\/p>\n<p>&nbsp;<\/p>\n<h3 style=\"text-align: left;\"><span style=\"color: #000000;\"><strong>\u00bfC\u00f3mo pueden las compa\u00f1\u00edas ser saludables? \u00bfQu\u00e9 consejos les dar\u00edas?<\/strong><\/span><\/h3>\n<p>Para que una empresa sea saludable es importante que en ella se desarrollen programas globales e integrales de salud y de bienestar, donde se sensibilice y forme a los trabajadores atendiendo a todas las esferas del ser humano, tanto a nivel personal, familiar, social, como profesional, dentro siempre de un marco estrat\u00e9gico coherente entre empresa y empleado.<\/p>\n<p>Me refiero a programas que van m\u00e1s all\u00e1 de las pol\u00edticas de prevenci\u00f3n propias de la medicina del trabajo y que acompa\u00f1an a la persona en <span style=\"color: #000000;\"><strong> un proceso de autoconocimiento y de formaci\u00f3n<\/strong><\/span> para que sea capaz de autogestionar y promocionar las fuerzas generadoras de salud internas que todos poseemos y que permitir\u00e1n que ese empleado sea <span style=\"color: #000000;\"><strong>m\u00e1s eficiente, creativo y productivo<\/strong><\/span>. En definitiva, que viva m\u00e1s feliz y tenga un mayor sentido de pertenencia a la organizaci\u00f3n.<\/p>\n<p>Los programas de bienestar laboral son la clave para <span style=\"color: #000000;\"><strong>ir un paso m\u00e1s all\u00e1 de la prevenci\u00f3n<\/strong><\/span>, permitiendo a los empleados sacar la mejor versi\u00f3n de ellos mismos en sus esferas profesionales, personales y sociales.<\/p>\n<p>&nbsp;<\/p>\n<p style=\"text-align: center;\"><span style=\"color: #1dacbf; font-size: 23pt;\"><strong>\u00abEl compromiso y liderazgo de la direcci\u00f3n es clave en la implementaci\u00f3n de cualquier programa de bienestar\u00bb<\/strong><\/span><\/p>\n<p>&nbsp;<\/p>\n<h3 style=\"text-align: left;\"><span style=\"color: #000000;\"><strong>\u00bfC\u00f3mo deber\u00edan las empresas implementar un programa de bienestar? \u00bfPor d\u00f3nde deben empezar?<\/strong><\/span><\/h3>\n<p>Para implementar un programa de bienestar en el entorno empresarial es fundamental el compromiso de la direcci\u00f3n, el cual debe liderar la puesta en marcha del mismo.<\/p>\n<p>Una buena pr\u00e1ctica es que el comit\u00e9 de direcci\u00f3n y los responsables de los departamentos sean los primeros en participar en dicho programa y que, a continuaci\u00f3n, lo promocionen entre los miembros de sus equipos, haci\u00e9ndoles ver los beneficios que el programa aporta a cada persona y a la empresa, de manera que el concepto de l\u00edderes sanos se integre en la cultura empresarial.<\/p>\n<p>&nbsp;<\/p>\n<h3 style=\"text-align: left;\"><span style=\"color: #000000;\"><strong>\u00bfEn qu\u00e9 est\u00e1n basados vuestros programas de bienestar?<\/strong><\/span><\/h3>\n<p>Somos m\u00e9dicos de formaci\u00f3n y de vocaci\u00f3n, y <span style=\"color: #000000;\"><strong>trabajamos para conseguir que el autoconocimiento y el autocuidado sean un pilar fundamental en la vida de las personas<\/strong><\/span>, con el fin de caminar desde los estados intermedios de salud, donde habitualmente se encuentra la gente (\u201cno tengo energ\u00eda, duermo mal, cada vez me sienta peor la comida, me duele la espalda casi siempre, tengo la tripa hinchada, no paro de engordar, tengo ansiedad&#8230;\u201d), hacia lo que verdaderamente es la <span style=\"color: #000000;\"><strong>SALUD<\/strong><\/span>.<\/p>\n<p>Con este prop\u00f3sito nacen <span style=\"color: #1dacbf;\"><a href=\"https:\/\/lourdestomas.es\/habitos-de-vida-saludables\/\" target=\"_blank\" rel=\"noopener\"><strong><u> nuestros programas de bienestar<\/u><\/strong><\/a><\/span> que se basan en <span style=\"color: #000000;\"><strong>tres pilares<\/strong><\/span>:<\/p>\n<ul style=\"list-style-type: circle;\">\n<li style=\"list-style-type: none;\">\n<ul style=\"list-style-type: circle;\">\n<li><span style=\"color: #000000;\"><strong>1. El conocimiento es poder<\/strong><\/span>. Queremos democratizar el acceso al conocimiento m\u00e9dico para que las personas puedan recuperar el poder y la responsabilidad sobre su propia salud y bienestar.<\/li>\n<\/ul>\n<\/li>\n<\/ul>\n<ul style=\"list-style-type: circle;\">\n<li style=\"list-style-type: none;\">\n<ul style=\"list-style-type: circle;\">\n<li><span style=\"color: #000000;\"><strong>2. Prevenir es mejor que curar<\/strong><\/span>. Queremos cambiar el v\u00ednculo pasivo que tienen hoy en d\u00eda las personas con su salud e implantar un modelo m\u00e9dico que no est\u00e9 basado en la reacci\u00f3n a la enfermedad sino en acompa\u00f1ar a las personas en el mantenimiento y la promoci\u00f3n de su salud a largo plazo.<\/li>\n<\/ul>\n<\/li>\n<\/ul>\n<ul style=\"list-style-type: circle;\">\n<li style=\"list-style-type: none;\">\n<ul style=\"list-style-type: circle;\">\n<li><span style=\"color: #000000;\"><strong>3. Nuestro valor diferencial<\/strong><\/span>. Nuestros contenidos se fundamentan en la medicina, la ciencia y la experiencia asistencial, y nuestros programas cubren de forma integral, rigurosa y coherente todas las \u00e1reas de la salud y el bienestar.<\/li>\n<\/ul>\n<\/li>\n<\/ul>\n<p>&nbsp;<\/p>\n<p><img loading=\"lazy\" decoding=\"async\" class=\"aligncenter wp-image-1045 size-full\" src=\"https:\/\/grupohedimacorporate.com\/wp-content\/uploads\/2023\/02\/Lourdes_Tomas_04.jpg\" alt=\"Los tres pilares de la empresa saludable.\" width=\"1000\" height=\"548\" srcset=\"https:\/\/grupohedimacorporate.com\/wp-content\/uploads\/2023\/02\/Lourdes_Tomas_04.jpg 1000w, https:\/\/grupohedimacorporate.com\/wp-content\/uploads\/2023\/02\/Lourdes_Tomas_04-300x164.jpg 300w, https:\/\/grupohedimacorporate.com\/wp-content\/uploads\/2023\/02\/Lourdes_Tomas_04-768x421.jpg 768w\" sizes=\"auto, (max-width: 1000px) 100vw, 1000px\" \/><\/p>\n<p>&nbsp;<\/p>\n<h3 style=\"text-align: left;\"><span style=\"color: #000000;\"><strong>Podr\u00edamos afirmar que tu gran reto es el de universalizar la salud y el bienestar, a trav\u00e9s del conocimiento y aprendizaje para todos y as\u00ed llegar a un modelo de salud preventivo y sostenible.<\/strong><\/span><\/h3>\n<p>Los fundamentos de M\u00e9dico mentor pasan por sensibilizar y formar a las personas para que ellas mismas puedan <span style=\"color: #000000;\"><strong>gestionar y promocionar su salud en el d\u00eda a d\u00eda, de manera proactiva y aut\u00f3noma<\/strong><\/span>, y la \u00fanica manera de que se d\u00e9 una transformaci\u00f3n global en todo el entorno corporativo es que todos los empleados puedan acceder a la formaci\u00f3n, donde no solo aprendan el porqu\u00e9 de los cambios que proponemos y c\u00f3mo aplicarlos en el d\u00eda a d\u00eda de manera f\u00e1cil y pr\u00e1ctica, sino tambi\u00e9n que conozcan las bases de la evidencia cient\u00edfica y de la experiencia m\u00e9dica que hay detr\u00e1s de nuestros programas de formaci\u00f3n.<\/p>\n<p>Esa experiencia m\u00e9dica hace que el compromiso sea alto porque la gran mayor\u00eda se sienten muy identificados con las disfunciones en salud que comentamos y esperan impacientes la forma de solventarlas. Cuando lo ponen en pr\u00e1ctica y experimentan mejoras, quieren m\u00e1s.<\/p>\n<p>Los formatos presenciales funcionan muy bien, pero la mejor opci\u00f3n en estos casos, sobre todo en grandes organizaciones, son los programas de formaci\u00f3n online que hemos dise\u00f1ado y que abarcan conocimientos y recursos para mejorar la salud f\u00edsica, psicol\u00f3gica, social y existencial de cada participante.<\/p>\n<p>Estos programas on-line tienen la ventaja de poder ser visualizados <span style=\"color: #000000;\"><strong>en cualquier momento y lugar<\/strong><\/span> desde ordenadores o dispositivos m\u00f3viles.<\/p>\n<p>&nbsp;<\/p>\n<h3 style=\"text-align: left;\"><span style=\"color: #000000;\"><strong>En tu larga experiencia \u00bfqu\u00e9 coyunturas son imprescindibles para una correcta implementaci\u00f3n de la cultura del wellness corporativo?<\/strong><\/span><\/h3>\n<p>Para que se implementen programas de bienestar o para que realmente haya una <span style=\"color: #000000;\"><strong>transformaci\u00f3n corporativa saludable, verdadera y que perdure en el tiempo<\/strong><\/span>, las empresas tienen que entender primero que <span style=\"color: #1dacbf;\"><a href=\"https:\/\/grupohedimacorporate.com\/de-la-seguridad-laboral-al-wellbeing-corporativo\/\" target=\"_blank\" rel=\"noopener\"><strong><u>la salud es uno de los pilares b\u00e1sicos de la compa\u00f1\u00eda<\/u><\/strong><\/a><\/span>.<\/p>\n<p>Es fundamental que <span style=\"color: #000000;\"><strong>el equipo directivo lidere, apoye y promocione<\/strong><\/span> estos programas.<\/p>\n<p>Otro factor importante es la <span style=\"color: #000000;\"><strong>comunicaci\u00f3n<\/strong><\/span>. Es imprescindible que el departamento de comunicaci\u00f3n transmita a la plantilla <span style=\"color: #000000;\"><strong>el por qu\u00e9 y el para qu\u00e9<\/strong><\/span> se pone en marcha ese programa, de forma que las personas entiendan en qu\u00e9 consiste y cuales son sus objetivos, as\u00ed como el hilo conductor de las acciones que se quieren llevar a cabo. De esta manera, cada persona lo percibir\u00e1 como <span style=\"color: #000000;\"><strong>una oportunidad de aprendizaje y de mejora, <\/strong><\/span>\u00a0que es para ella antes que para la compa\u00f1\u00eda.<\/p>\n<p>Un \u00faltimo factor &#8211; tan importante como el resto &#8211; es la <span style=\"color: #000000;\"><strong>coherencia<\/strong><\/span>. Es esencial una adecuaci\u00f3n clara y concordante entre lo que se promulga en cuanto a normas y valores de la organizaci\u00f3n y lo que esta lleva a cabo a efectos pr\u00e1cticos.<\/p>\n<p>&nbsp;<\/p>\n<p><img loading=\"lazy\" decoding=\"async\" class=\"aligncenter wp-image-1039 size-full\" src=\"https:\/\/grupohedimacorporate.com\/wp-content\/uploads\/2023\/02\/banner_caminando_hacia_la_salud_01.png\" alt=\"Conoce el Programa Caminando hacia la Salud de Grupo Hedima Corporate L&amp;D.\" width=\"649\" height=\"149\" srcset=\"https:\/\/grupohedimacorporate.com\/wp-content\/uploads\/2023\/02\/banner_caminando_hacia_la_salud_01.png 649w, https:\/\/grupohedimacorporate.com\/wp-content\/uploads\/2023\/02\/banner_caminando_hacia_la_salud_01-300x69.png 300w\" sizes=\"auto, (max-width: 649px) 100vw, 649px\" \/><\/p>\n<p><img loading=\"lazy\" decoding=\"async\" class=\"alignnone wp-image-505 size-full\" src=\"https:\/\/grupohedimacorporate.com\/wp-content\/uploads\/2022\/01\/Filet01.png\" alt=\"\" width=\"1200\" height=\"1\" srcset=\"https:\/\/grupohedimacorporate.com\/wp-content\/uploads\/2022\/01\/Filet01.png 1200w, https:\/\/grupohedimacorporate.com\/wp-content\/uploads\/2022\/01\/Filet01-300x1.png 300w, https:\/\/grupohedimacorporate.com\/wp-content\/uploads\/2022\/01\/Filet01-1024x1.png 1024w, https:\/\/grupohedimacorporate.com\/wp-content\/uploads\/2022\/01\/Filet01-150x1.png 150w, https:\/\/grupohedimacorporate.com\/wp-content\/uploads\/2022\/01\/Filet01-768x1.png 768w\" sizes=\"auto, (max-width: 1200px) 100vw, 1200px\" \/><\/p>\n\n<div class=\"wpcf7 no-js\" id=\"wpcf7-f410-o1\" lang=\"en-US\" dir=\"ltr\" data-wpcf7-id=\"410\">\n<div class=\"screen-reader-response\"><p role=\"status\" aria-live=\"polite\" aria-atomic=\"true\"><\/p> <ul><\/ul><\/div>\n<form action=\"\/api\/wp\/v2\/posts\/987#wpcf7-f410-o1\" method=\"post\" class=\"wpcf7-form init\" aria-label=\"Contact form\" novalidate=\"novalidate\" data-status=\"init\">\n<fieldset class=\"hidden-fields-container\"><input type=\"hidden\" name=\"_wpcf7\" value=\"410\" \/><input type=\"hidden\" name=\"_wpcf7_version\" value=\"6.1.2\" \/><input type=\"hidden\" name=\"_wpcf7_locale\" value=\"en_US\" \/><input type=\"hidden\" name=\"_wpcf7_unit_tag\" value=\"wpcf7-f410-o1\" \/><input type=\"hidden\" name=\"_wpcf7_container_post\" value=\"0\" \/><input type=\"hidden\" name=\"_wpcf7_posted_data_hash\" value=\"\" \/><input type=\"hidden\" name=\"_wpcf7_recaptcha_response\" value=\"\" \/>\n<\/fieldset>\n<h3>Si quieres saber m\u00e1s sobre alguno de los temas expuestos no dudes en consultarnos.\n<\/h3>\n<div class=\"row\">\n\t<div class=\"col-sm-2 col-1\">\n\t\t<div class=\"contact-input\">\n\t\t\t<div class=\"contact-input-label\">\n\t\t\t\t<p>Nombre<span>*<\/span>\n\t\t\t\t<\/p>\n\t\t\t<\/div>\n\t\t\t<p><span class=\"wpcf7-form-control-wrap\" data-name=\"first-name\"><input size=\"40\" maxlength=\"400\" class=\"wpcf7-form-control wpcf7-text wpcf7-validates-as-required\" aria-required=\"true\" aria-invalid=\"false\" value=\"\" type=\"text\" name=\"first-name\" \/><\/span>\n\t\t\t<\/p>\n\t\t<\/div>\n\t\t<div class=\"contact-input\">\n\t\t\t<div class=\"contact-input-label\">\n\t\t\t\t<p>Correo electr\u00f3nico<span>*<\/span>\n\t\t\t\t<\/p>\n\t\t\t<\/div>\n\t\t\t<p><span class=\"wpcf7-form-control-wrap\" data-name=\"email\"><input size=\"40\" maxlength=\"400\" class=\"wpcf7-form-control wpcf7-email wpcf7-validates-as-required wpcf7-text wpcf7-validates-as-email\" aria-required=\"true\" aria-invalid=\"false\" value=\"\" type=\"email\" name=\"email\" \/><\/span>\n\t\t\t<\/p>\n\t\t<\/div>\n\t\t<div class=\"contact-input\">\n\t\t\t<div class=\"contact-input-label\">\n\t\t\t\t<p>Empresa<span><\/span>\n\t\t\t\t<\/p>\n\t\t\t<\/div>\n\t\t\t<p><span class=\"wpcf7-form-control-wrap\" data-name=\"company\"><input size=\"40\" maxlength=\"400\" class=\"wpcf7-form-control wpcf7-text\" aria-invalid=\"false\" value=\"\" type=\"text\" name=\"company\" \/><\/span>\n\t\t\t<\/p>\n\t\t<\/div>\n\t<\/div>\n\t<div class=\"col-sm-2 col-1\">\n\t\t<div class=\"contact-input\">\n\t\t\t<div class=\"contact-input-label\">\n\t\t\t\t<p>Apellidos<span>*<\/span>\n\t\t\t\t<\/p>\n\t\t\t<\/div>\n\t\t\t<p><span class=\"wpcf7-form-control-wrap\" data-name=\"last_name\"><input size=\"40\" maxlength=\"400\" class=\"wpcf7-form-control wpcf7-text wpcf7-validates-as-required\" aria-required=\"true\" aria-invalid=\"false\" value=\"\" type=\"text\" name=\"last_name\" \/><\/span>\n\t\t\t<\/p>\n\t\t<\/div>\n\t\t<div class=\"contact-input\">\n\t\t\t<div class=\"contact-input-label\">\n\t\t\t\t<p>Tel\u00e9fono\n\t\t\t\t<\/p>\n\t\t\t<\/div>\n\t\t\t<p><span class=\"wpcf7-form-control-wrap\" data-name=\"tel\"><input size=\"40\" maxlength=\"400\" class=\"wpcf7-form-control wpcf7-tel wpcf7-text wpcf7-validates-as-tel\" aria-invalid=\"false\" value=\"\" type=\"tel\" name=\"tel\" \/><\/span>\n\t\t\t<\/p>\n\t\t<\/div>\n\t\t<div class=\"contact-input\">\n\t\t\t<div class=\"contact-input-label\">\n\t\t\t\t<p>Pa\u00eds<span><\/span>\n\t\t\t\t<\/p>\n\t\t\t<\/div>\n\t\t\t<p><span class=\"wpcf7-form-control-wrap\" data-name=\"country\"><input size=\"40\" maxlength=\"400\" class=\"wpcf7-form-control wpcf7-text\" aria-invalid=\"false\" value=\"\" type=\"text\" name=\"country\" \/><\/span>\n\t\t\t<\/p>\n\t\t<\/div>\n\t<\/div>\n<\/div>\n<h4>Mensaje\n<\/h4>\n<p><span class=\"wpcf7-form-control-wrap\" data-name=\"message\"><textarea cols=\"40\" rows=\"10\" maxlength=\"2000\" class=\"wpcf7-form-control wpcf7-textarea\" aria-invalid=\"false\" name=\"message\"><\/textarea><\/span>\n<\/p>\n<div class=\"check\">\n\t<p><b>T\u00e9rminos legales<span>*<\/span><\/b>\n\t<\/p>\n\t<p><span class=\"wpcf7-form-control-wrap\" data-name=\"privacy\"><span class=\"wpcf7-form-control wpcf7-acceptance\"><span class=\"wpcf7-list-item\"><input type=\"checkbox\" name=\"privacy\" value=\"1\" aria-invalid=\"false\" \/><\/span><\/span><\/span> Acepto los t\u00e9rminos descritos en el <a href=\"https:\/\/www.grupohedima.com\/aviso-legal\/\" target=\"_blank\"><span style=\"color:#049BAA\">Aviso Legal<span\/><\/span><\/span><\/a> y la <a href=\"https:\/\/www.grupohedima.com\/politica-privacidad\/\" target=\"_blank\"><span style=\"color:#049BAA\">Pol\u00edtica de Privacidad.<span\/><\/span><\/span><\/a>\n\t<\/p>\n<\/div>\n<div class=\"check\">\n<\/div>\n<div class=\"check\">\n\t<p><b>Recibir informaci\u00f3n de nuestros servicios, productos y eventos.<span>*<\/span><\/b>\n\t<\/p>\n\t<p><span class=\"wpcf7-form-control-wrap\" data-name=\"mkt_camp\"><span class=\"wpcf7-form-control wpcf7-checkbox wpcf7-validates-as-required wpcf7-exclusive-checkbox\"><span class=\"wpcf7-list-item first\"><input type=\"checkbox\" name=\"mkt_camp\" value=\"S\u00cd\" checked=\"checked\" \/><span class=\"wpcf7-list-item-label\">S\u00cd<\/span><\/span><span class=\"wpcf7-list-item last\"><input type=\"checkbox\" name=\"mkt_camp\" value=\"NO\" \/><span class=\"wpcf7-list-item-label\">NO<\/span><\/span><\/span><\/span>\n\t<\/p>\n<\/div>\n<div class=\"check\">\n<\/div>\n<span class=\"wpcf7-form-control-wrap recaptcha\" data-name=\"recaptcha\"><span data-sitekey=\"6LdK0Z8dAAAAAORlODp8MnltbBnKUU8Kzs24aY2g\" class=\"wpcf7-form-control wpcf7-recaptcha g-recaptcha\"><\/span>\r\n<noscript>\r\n\t<div class=\"grecaptcha-noscript\">\r\n\t\t<iframe loading=\"lazy\" src=\"https:\/\/www.google.com\/recaptcha\/api\/fallback?k=6LdK0Z8dAAAAAORlODp8MnltbBnKUU8Kzs24aY2g\" frameborder=\"0\" scrolling=\"no\" width=\"310\" height=\"430\">\r\n\t\t<\/iframe>\r\n\t\t<textarea name=\"g-recaptcha-response\" rows=\"3\" cols=\"40\" placeholder=\"reCaptcha Response Here\">\r\n\t\t<\/textarea>\r\n\t<\/div>\r\n<\/noscript>\r\n<\/span>\n<p><input class=\"wpcf7-form-control wpcf7-submit has-spinner\" type=\"submit\" value=\"\u00a1Cons\u00faltanos!\" \/>\n<\/p>\n<div class=\"contact-input\" style=\"display:none\">\n\t<p><span class=\"wpcf7-form-control-wrap\" data-name=\"origin\"><input size=\"40\" maxlength=\"400\" class=\"wpcf7-form-control wpcf7-text\" aria-invalid=\"false\" value=\"\" type=\"text\" name=\"origin\" \/><\/span>\n\t<\/p>\n<\/div><div class=\"wpcf7-response-output\" aria-hidden=\"true\"><\/div>\n<\/form>\n<\/div>\n\n<p><img loading=\"lazy\" decoding=\"async\" class=\"alignnone wp-image-505 size-full\" src=\"https:\/\/grupohedimacorporate.com\/wp-content\/uploads\/2022\/01\/Filet01.png\" alt=\"\" width=\"1200\" height=\"1\" srcset=\"https:\/\/grupohedimacorporate.com\/wp-content\/uploads\/2022\/01\/Filet01.png 1200w, https:\/\/grupohedimacorporate.com\/wp-content\/uploads\/2022\/01\/Filet01-300x1.png 300w, https:\/\/grupohedimacorporate.com\/wp-content\/uploads\/2022\/01\/Filet01-1024x1.png 1024w, https:\/\/grupohedimacorporate.com\/wp-content\/uploads\/2022\/01\/Filet01-150x1.png 150w, https:\/\/grupohedimacorporate.com\/wp-content\/uploads\/2022\/01\/Filet01-768x1.png 768w\" sizes=\"auto, (max-width: 1200px) 100vw, 1200px\" \/><\/p>\n","protected":false},"excerpt":{"rendered":"<p>En nuestra labor de ayudar a las empresas a ser m\u00e1s saludables, nos hemos aliado con una experta en el \u00e1rea, a quien hemos entrevistado para acercar todo su conocimiento a aquellas personas responsables de la salud y bienestar de sus empresas. Lourdes Tom\u00e1s es M\u00e9dico de familia, Doctora de enfermedades cardiovasculares por la universidad [&hellip;]<\/p>\n","protected":false},"author":6,"featured_media":997,"comment_status":"open","ping_status":"open","sticky":false,"template":"","format":"standard","meta":{"_acf_changed":false,"footnotes":""},"categories":[19,17],"tags":[],"class_list":["post-987","post","type-post","status-publish","format-standard","has-post-thumbnail","hentry","category-soluciones","category-tendencias"],"acf":[],"yoast_head":"<!-- This site is optimized with the Yoast SEO plugin v26.2 - https:\/\/yoast.com\/wordpress\/plugins\/seo\/ -->\n<title>La salud en las empresas - Grupo Hedima Corporate L&amp;D<\/title>\n<meta name=\"description\" content=\"Ac\u00e9rcate a la actualidad del sector a trav\u00e9s de Grupo Hedima Corporate L&amp;D y descubre qu\u00e9 hay de nuevo e interesante.\" \/>\n<meta name=\"robots\" content=\"index, follow, max-snippet:-1, max-image-preview:large, max-video-preview:-1\" \/>\n<link rel=\"canonical\" href=\"https:\/\/grupohedimacorporate.com\/la-salud-en-las-empresas\/\" \/>\n<meta property=\"og:locale\" content=\"es_ES\" \/>\n<meta property=\"og:type\" content=\"article\" \/>\n<meta property=\"og:title\" content=\"La salud en las empresas - Grupo Hedima Corporate L&amp;D\" \/>\n<meta property=\"og:description\" content=\"Ac\u00e9rcate a la actualidad del sector a trav\u00e9s de Grupo Hedima Corporate L&amp;D y descubre qu\u00e9 hay de nuevo e interesante.\" \/>\n<meta property=\"og:url\" content=\"https:\/\/grupohedimacorporate.com\/la-salud-en-las-empresas\/\" \/>\n<meta property=\"og:site_name\" content=\"Grupo Hedima Corporate L&amp;D\" \/>\n<meta property=\"article:published_time\" content=\"2023-02-20T09:30:03+00:00\" \/>\n<meta property=\"article:modified_time\" content=\"2023-07-18T09:31:57+00:00\" \/>\n<meta property=\"og:image\" content=\"https:\/\/grupohedimacorporate.com\/wp-content\/uploads\/2023\/02\/la_salud_en_las_empresas_banner_02.jpg\" \/>\n\t<meta property=\"og:image:width\" content=\"2048\" \/>\n\t<meta property=\"og:image:height\" content=\"1414\" \/>\n\t<meta property=\"og:image:type\" content=\"image\/jpeg\" \/>\n<meta name=\"author\" content=\"Mirta Abreg\u00fa\" \/>\n<meta name=\"twitter:card\" content=\"summary_large_image\" \/>\n<meta name=\"twitter:creator\" content=\"@GrupoHedimaLD\" \/>\n<meta name=\"twitter:site\" content=\"@GrupoHedimaLD\" \/>\n<meta name=\"twitter:label1\" content=\"Escrito por\" \/>\n\t<meta name=\"twitter:data1\" content=\"Mirta Abreg\u00fa\" \/>\n\t<meta name=\"twitter:label2\" content=\"Tiempo de lectura\" \/>\n\t<meta name=\"twitter:data2\" content=\"8 minutos\" \/>\n<script type=\"application\/ld+json\" class=\"yoast-schema-graph\">{\"@context\":\"https:\/\/schema.org\",\"@graph\":[{\"@type\":\"Article\",\"@id\":\"https:\/\/grupohedimacorporate.com\/la-salud-en-las-empresas\/#article\",\"isPartOf\":{\"@id\":\"https:\/\/grupohedimacorporate.com\/la-salud-en-las-empresas\/\"},\"author\":{\"name\":\"Mirta Abreg\u00fa\",\"@id\":\"https:\/\/grupohedimacorporate.com\/#\/schema\/person\/ccda1e79047aa48016ed15685dc2f040\"},\"headline\":\"La salud en las empresas\",\"datePublished\":\"2023-02-20T09:30:03+00:00\",\"dateModified\":\"2023-07-18T09:31:57+00:00\",\"mainEntityOfPage\":{\"@id\":\"https:\/\/grupohedimacorporate.com\/la-salud-en-las-empresas\/\"},\"wordCount\":1624,\"commentCount\":0,\"publisher\":{\"@id\":\"https:\/\/grupohedimacorporate.com\/#organization\"},\"image\":{\"@id\":\"https:\/\/grupohedimacorporate.com\/la-salud-en-las-empresas\/#primaryimage\"},\"thumbnailUrl\":\"https:\/\/grupohedimacorporate.com\/wp-content\/uploads\/2023\/02\/la_salud_en_las_empresas_banner_02.jpg\",\"articleSection\":[\"Soluciones\",\"Tendencias\"],\"inLanguage\":\"es\",\"potentialAction\":[{\"@type\":\"CommentAction\",\"name\":\"Comment\",\"target\":[\"https:\/\/grupohedimacorporate.com\/la-salud-en-las-empresas\/#respond\"]}]},{\"@type\":\"WebPage\",\"@id\":\"https:\/\/grupohedimacorporate.com\/la-salud-en-las-empresas\/\",\"url\":\"https:\/\/grupohedimacorporate.com\/la-salud-en-las-empresas\/\",\"name\":\"La salud en las empresas - Grupo Hedima Corporate L&amp;D\",\"isPartOf\":{\"@id\":\"https:\/\/grupohedimacorporate.com\/#website\"},\"primaryImageOfPage\":{\"@id\":\"https:\/\/grupohedimacorporate.com\/la-salud-en-las-empresas\/#primaryimage\"},\"image\":{\"@id\":\"https:\/\/grupohedimacorporate.com\/la-salud-en-las-empresas\/#primaryimage\"},\"thumbnailUrl\":\"https:\/\/grupohedimacorporate.com\/wp-content\/uploads\/2023\/02\/la_salud_en_las_empresas_banner_02.jpg\",\"datePublished\":\"2023-02-20T09:30:03+00:00\",\"dateModified\":\"2023-07-18T09:31:57+00:00\",\"description\":\"Ac\u00e9rcate a la actualidad del sector a trav\u00e9s de Grupo Hedima Corporate L&D y descubre qu\u00e9 hay de nuevo e interesante.\",\"breadcrumb\":{\"@id\":\"https:\/\/grupohedimacorporate.com\/la-salud-en-las-empresas\/#breadcrumb\"},\"inLanguage\":\"es\",\"potentialAction\":[{\"@type\":\"ReadAction\",\"target\":[\"https:\/\/grupohedimacorporate.com\/la-salud-en-las-empresas\/\"]}]},{\"@type\":\"ImageObject\",\"inLanguage\":\"es\",\"@id\":\"https:\/\/grupohedimacorporate.com\/la-salud-en-las-empresas\/#primaryimage\",\"url\":\"https:\/\/grupohedimacorporate.com\/wp-content\/uploads\/2023\/02\/la_salud_en_las_empresas_banner_02.jpg\",\"contentUrl\":\"https:\/\/grupohedimacorporate.com\/wp-content\/uploads\/2023\/02\/la_salud_en_las_empresas_banner_02.jpg\",\"width\":2048,\"height\":1414},{\"@type\":\"BreadcrumbList\",\"@id\":\"https:\/\/grupohedimacorporate.com\/la-salud-en-las-empresas\/#breadcrumb\",\"itemListElement\":[{\"@type\":\"ListItem\",\"position\":1,\"name\":\"Home\",\"item\":\"https:\/\/grupohedimacorporate.com\/\"},{\"@type\":\"ListItem\",\"position\":2,\"name\":\"La salud en las empresas\"}]},{\"@type\":\"WebSite\",\"@id\":\"https:\/\/grupohedimacorporate.com\/#website\",\"url\":\"https:\/\/grupohedimacorporate.com\/\",\"name\":\"Grupo Hedima Corporate L&amp;D\",\"description\":\"Learning corporativo alineado con tus objetivos de negocio.\",\"publisher\":{\"@id\":\"https:\/\/grupohedimacorporate.com\/#organization\"},\"potentialAction\":[{\"@type\":\"SearchAction\",\"target\":{\"@type\":\"EntryPoint\",\"urlTemplate\":\"https:\/\/grupohedimacorporate.com\/?s={search_term_string}\"},\"query-input\":{\"@type\":\"PropertyValueSpecification\",\"valueRequired\":true,\"valueName\":\"search_term_string\"}}],\"inLanguage\":\"es\"},{\"@type\":\"Organization\",\"@id\":\"https:\/\/grupohedimacorporate.com\/#organization\",\"name\":\"Grupo Hedima Corporate L&D\",\"url\":\"https:\/\/grupohedimacorporate.com\/\",\"logo\":{\"@type\":\"ImageObject\",\"inLanguage\":\"es\",\"@id\":\"https:\/\/grupohedimacorporate.com\/#\/schema\/logo\/image\/\",\"url\":\"https:\/\/grupohedimacorporate.com\/wp-content\/uploads\/2021\/12\/Logo_GH_v2021.png\",\"contentUrl\":\"https:\/\/grupohedimacorporate.com\/wp-content\/uploads\/2021\/12\/Logo_GH_v2021.png\",\"width\":1169,\"height\":596,\"caption\":\"Grupo Hedima Corporate L&D\"},\"image\":{\"@id\":\"https:\/\/grupohedimacorporate.com\/#\/schema\/logo\/image\/\"},\"sameAs\":[\"https:\/\/x.com\/GrupoHedimaLD\",\"https:\/\/www.linkedin.com\/company\/grupohedima-corporate\/mycompany\/?viewAsMember=true\"]},{\"@type\":\"Person\",\"@id\":\"https:\/\/grupohedimacorporate.com\/#\/schema\/person\/ccda1e79047aa48016ed15685dc2f040\",\"name\":\"Mirta Abreg\u00fa\",\"image\":{\"@type\":\"ImageObject\",\"inLanguage\":\"es\",\"@id\":\"https:\/\/grupohedimacorporate.com\/#\/schema\/person\/image\/\",\"url\":\"https:\/\/secure.gravatar.com\/avatar\/639510da0a15094e51be3d8078fb2247176cd237a6fb2b1c4c23e07d50aa8c32?s=96&d=mm&r=g\",\"contentUrl\":\"https:\/\/secure.gravatar.com\/avatar\/639510da0a15094e51be3d8078fb2247176cd237a6fb2b1c4c23e07d50aa8c32?s=96&d=mm&r=g\",\"caption\":\"Mirta Abreg\u00fa\"},\"url\":\"https:\/\/grupohedimacorporate.com\/author\/mirta\/\"}]}<\/script>\n<!-- \/ Yoast SEO plugin. -->","yoast_head_json":{"title":"La salud en las empresas - Grupo Hedima Corporate L&amp;D","description":"Ac\u00e9rcate a la actualidad del sector a trav\u00e9s de Grupo Hedima Corporate L&D y descubre qu\u00e9 hay de nuevo e interesante.","robots":{"index":"index","follow":"follow","max-snippet":"max-snippet:-1","max-image-preview":"max-image-preview:large","max-video-preview":"max-video-preview:-1"},"canonical":"https:\/\/grupohedimacorporate.com\/la-salud-en-las-empresas\/","og_locale":"es_ES","og_type":"article","og_title":"La salud en las empresas - Grupo Hedima Corporate L&amp;D","og_description":"Ac\u00e9rcate a la actualidad del sector a trav\u00e9s de Grupo Hedima Corporate L&D y descubre qu\u00e9 hay de nuevo e interesante.","og_url":"https:\/\/grupohedimacorporate.com\/la-salud-en-las-empresas\/","og_site_name":"Grupo Hedima Corporate L&amp;D","article_published_time":"2023-02-20T09:30:03+00:00","article_modified_time":"2023-07-18T09:31:57+00:00","og_image":[{"width":2048,"height":1414,"url":"https:\/\/grupohedimacorporate.com\/wp-content\/uploads\/2023\/02\/la_salud_en_las_empresas_banner_02.jpg","type":"image\/jpeg"}],"author":"Mirta Abreg\u00fa","twitter_card":"summary_large_image","twitter_creator":"@GrupoHedimaLD","twitter_site":"@GrupoHedimaLD","twitter_misc":{"Escrito por":"Mirta Abreg\u00fa","Tiempo de lectura":"8 minutos"},"schema":{"@context":"https:\/\/schema.org","@graph":[{"@type":"Article","@id":"https:\/\/grupohedimacorporate.com\/la-salud-en-las-empresas\/#article","isPartOf":{"@id":"https:\/\/grupohedimacorporate.com\/la-salud-en-las-empresas\/"},"author":{"name":"Mirta Abreg\u00fa","@id":"https:\/\/grupohedimacorporate.com\/#\/schema\/person\/ccda1e79047aa48016ed15685dc2f040"},"headline":"La salud en las empresas","datePublished":"2023-02-20T09:30:03+00:00","dateModified":"2023-07-18T09:31:57+00:00","mainEntityOfPage":{"@id":"https:\/\/grupohedimacorporate.com\/la-salud-en-las-empresas\/"},"wordCount":1624,"commentCount":0,"publisher":{"@id":"https:\/\/grupohedimacorporate.com\/#organization"},"image":{"@id":"https:\/\/grupohedimacorporate.com\/la-salud-en-las-empresas\/#primaryimage"},"thumbnailUrl":"https:\/\/grupohedimacorporate.com\/wp-content\/uploads\/2023\/02\/la_salud_en_las_empresas_banner_02.jpg","articleSection":["Soluciones","Tendencias"],"inLanguage":"es","potentialAction":[{"@type":"CommentAction","name":"Comment","target":["https:\/\/grupohedimacorporate.com\/la-salud-en-las-empresas\/#respond"]}]},{"@type":"WebPage","@id":"https:\/\/grupohedimacorporate.com\/la-salud-en-las-empresas\/","url":"https:\/\/grupohedimacorporate.com\/la-salud-en-las-empresas\/","name":"La salud en las empresas - Grupo Hedima Corporate L&amp;D","isPartOf":{"@id":"https:\/\/grupohedimacorporate.com\/#website"},"primaryImageOfPage":{"@id":"https:\/\/grupohedimacorporate.com\/la-salud-en-las-empresas\/#primaryimage"},"image":{"@id":"https:\/\/grupohedimacorporate.com\/la-salud-en-las-empresas\/#primaryimage"},"thumbnailUrl":"https:\/\/grupohedimacorporate.com\/wp-content\/uploads\/2023\/02\/la_salud_en_las_empresas_banner_02.jpg","datePublished":"2023-02-20T09:30:03+00:00","dateModified":"2023-07-18T09:31:57+00:00","description":"Ac\u00e9rcate a la actualidad del sector a trav\u00e9s de Grupo Hedima Corporate L&D y descubre qu\u00e9 hay de nuevo e interesante.","breadcrumb":{"@id":"https:\/\/grupohedimacorporate.com\/la-salud-en-las-empresas\/#breadcrumb"},"inLanguage":"es","potentialAction":[{"@type":"ReadAction","target":["https:\/\/grupohedimacorporate.com\/la-salud-en-las-empresas\/"]}]},{"@type":"ImageObject","inLanguage":"es","@id":"https:\/\/grupohedimacorporate.com\/la-salud-en-las-empresas\/#primaryimage","url":"https:\/\/grupohedimacorporate.com\/wp-content\/uploads\/2023\/02\/la_salud_en_las_empresas_banner_02.jpg","contentUrl":"https:\/\/grupohedimacorporate.com\/wp-content\/uploads\/2023\/02\/la_salud_en_las_empresas_banner_02.jpg","width":2048,"height":1414},{"@type":"BreadcrumbList","@id":"https:\/\/grupohedimacorporate.com\/la-salud-en-las-empresas\/#breadcrumb","itemListElement":[{"@type":"ListItem","position":1,"name":"Home","item":"https:\/\/grupohedimacorporate.com\/"},{"@type":"ListItem","position":2,"name":"La salud en las empresas"}]},{"@type":"WebSite","@id":"https:\/\/grupohedimacorporate.com\/#website","url":"https:\/\/grupohedimacorporate.com\/","name":"Grupo Hedima Corporate L&amp;D","description":"Learning corporativo alineado con tus objetivos de negocio.","publisher":{"@id":"https:\/\/grupohedimacorporate.com\/#organization"},"potentialAction":[{"@type":"SearchAction","target":{"@type":"EntryPoint","urlTemplate":"https:\/\/grupohedimacorporate.com\/?s={search_term_string}"},"query-input":{"@type":"PropertyValueSpecification","valueRequired":true,"valueName":"search_term_string"}}],"inLanguage":"es"},{"@type":"Organization","@id":"https:\/\/grupohedimacorporate.com\/#organization","name":"Grupo Hedima Corporate L&D","url":"https:\/\/grupohedimacorporate.com\/","logo":{"@type":"ImageObject","inLanguage":"es","@id":"https:\/\/grupohedimacorporate.com\/#\/schema\/logo\/image\/","url":"https:\/\/grupohedimacorporate.com\/wp-content\/uploads\/2021\/12\/Logo_GH_v2021.png","contentUrl":"https:\/\/grupohedimacorporate.com\/wp-content\/uploads\/2021\/12\/Logo_GH_v2021.png","width":1169,"height":596,"caption":"Grupo Hedima Corporate L&D"},"image":{"@id":"https:\/\/grupohedimacorporate.com\/#\/schema\/logo\/image\/"},"sameAs":["https:\/\/x.com\/GrupoHedimaLD","https:\/\/www.linkedin.com\/company\/grupohedima-corporate\/mycompany\/?viewAsMember=true"]},{"@type":"Person","@id":"https:\/\/grupohedimacorporate.com\/#\/schema\/person\/ccda1e79047aa48016ed15685dc2f040","name":"Mirta Abreg\u00fa","image":{"@type":"ImageObject","inLanguage":"es","@id":"https:\/\/grupohedimacorporate.com\/#\/schema\/person\/image\/","url":"https:\/\/secure.gravatar.com\/avatar\/639510da0a15094e51be3d8078fb2247176cd237a6fb2b1c4c23e07d50aa8c32?s=96&d=mm&r=g","contentUrl":"https:\/\/secure.gravatar.com\/avatar\/639510da0a15094e51be3d8078fb2247176cd237a6fb2b1c4c23e07d50aa8c32?s=96&d=mm&r=g","caption":"Mirta Abreg\u00fa"},"url":"https:\/\/grupohedimacorporate.com\/author\/mirta\/"}]}},"_links":{"self":[{"href":"https:\/\/grupohedimacorporate.com\/api\/wp\/v2\/posts\/987","targetHints":{"allow":["GET"]}}],"collection":[{"href":"https:\/\/grupohedimacorporate.com\/api\/wp\/v2\/posts"}],"about":[{"href":"https:\/\/grupohedimacorporate.com\/api\/wp\/v2\/types\/post"}],"author":[{"embeddable":true,"href":"https:\/\/grupohedimacorporate.com\/api\/wp\/v2\/users\/6"}],"replies":[{"embeddable":true,"href":"https:\/\/grupohedimacorporate.com\/api\/wp\/v2\/comments?post=987"}],"version-history":[{"count":47,"href":"https:\/\/grupohedimacorporate.com\/api\/wp\/v2\/posts\/987\/revisions"}],"predecessor-version":[{"id":1049,"href":"https:\/\/grupohedimacorporate.com\/api\/wp\/v2\/posts\/987\/revisions\/1049"}],"wp:featuredmedia":[{"embeddable":true,"href":"https:\/\/grupohedimacorporate.com\/api\/wp\/v2\/media\/997"}],"wp:attachment":[{"href":"https:\/\/grupohedimacorporate.com\/api\/wp\/v2\/media?parent=987"}],"wp:term":[{"taxonomy":"category","embeddable":true,"href":"https:\/\/grupohedimacorporate.com\/api\/wp\/v2\/categories?post=987"},{"taxonomy":"post_tag","embeddable":true,"href":"https:\/\/grupohedimacorporate.com\/api\/wp\/v2\/tags?post=987"}],"curies":[{"name":"wp","href":"https:\/\/api.w.org\/{rel}","templated":true}]}}