{"id":478,"date":"2022-01-19T15:45:37","date_gmt":"2022-01-19T15:45:37","guid":{"rendered":"https:\/\/grupohedimacorporate.com\/?p=478"},"modified":"2023-07-18T09:41:06","modified_gmt":"2023-07-18T09:41:06","slug":"social-learning-spaces","status":"publish","type":"post","link":"https:\/\/grupohedimacorporate.com\/social-learning-spaces\/","title":{"rendered":"Llega Social Learning Spaces"},"content":{"rendered":"<p><span style=\"color: #000000; font-size: 14pt;\"><strong>En un contexto en el que la formaci\u00f3n cont\u00ednua es cada vez m\u00e1s importante para sostener en el tiempo la consecuci\u00f3n de objetivos, llega SOCIAL LEARNING SPACES. Una nueva soluci\u00f3n de formaci\u00f3n intuitiva, \u00e1gil y en comunidad destinada a ayudar a los equipos a alcanzar sus metas.<\/strong><\/span><\/p>\n<p>&nbsp;<\/p>\n<p><img loading=\"lazy\" decoding=\"async\" class=\"aligncenter wp-image-493 size-full\" src=\"https:\/\/grupohedimacorporate.com\/wp-content\/uploads\/2022\/01\/Webinar01.jpg\" alt=\"\" width=\"1000\" height=\"500\" srcset=\"https:\/\/grupohedimacorporate.com\/wp-content\/uploads\/2022\/01\/Webinar01.jpg 1000w, https:\/\/grupohedimacorporate.com\/wp-content\/uploads\/2022\/01\/Webinar01-300x150.jpg 300w, https:\/\/grupohedimacorporate.com\/wp-content\/uploads\/2022\/01\/Webinar01-768x384.jpg 768w\" sizes=\"auto, (max-width: 1000px) 100vw, 1000px\" \/><\/p>\n<p>&nbsp;<\/p>\n<p>El diario Financial Times realiz\u00f3 a mediados de 2021 una encuesta entre cerca de 400 responsables de formaci\u00f3n para evaluar sus retos e inquietudes. Cuando fueron preguntados acerca de las tendencias clave de cara al futuro, destacaron la necesidad de realizar <strong>formaciones personalizadas,<\/strong> de <strong>motivar la participaci\u00f3n de los alumnos<\/strong> y de <strong>poner a su disposici\u00f3n contenidos de vanguardia.<\/strong><strong><br \/>\n<\/strong><\/p>\n<p>En esas mismas fechas, otro estudio sobre formaci\u00f3n continua de la consultora Carrington Crisp en colaboraci\u00f3n con LinkedIn pon\u00eda el foco en la <strong>importancia de generar ecosistemas de aprendizaje que permitieran al usuario adquirir competencias de manera flexible, no formal y en l\u00ednea.<\/strong><\/p>\n<p>En 2022 estas tendencias se van a consolidar y parece claro que van a perdurar en el tiempo. Las empresas buscan que sus <strong>profesionales tengan la posibilidad de adquirir nuevas habilidades y competencias que les permitan ser m\u00e1s productivos en su puesto<\/strong>.<\/p>\n<p>&nbsp;<\/p>\n<p><img loading=\"lazy\" decoding=\"async\" class=\"aligncenter wp-image-498 size-large\" src=\"https:\/\/grupohedimacorporate.com\/wp-content\/uploads\/2022\/01\/graphic01-1-1024x408.png\" alt=\"\" width=\"1024\" height=\"408\" srcset=\"https:\/\/grupohedimacorporate.com\/wp-content\/uploads\/2022\/01\/graphic01-1-1024x408.png 1024w, https:\/\/grupohedimacorporate.com\/wp-content\/uploads\/2022\/01\/graphic01-1-300x120.png 300w, https:\/\/grupohedimacorporate.com\/wp-content\/uploads\/2022\/01\/graphic01-1-768x306.png 768w, https:\/\/grupohedimacorporate.com\/wp-content\/uploads\/2022\/01\/graphic01-1.png 1200w\" sizes=\"auto, (max-width: 1024px) 100vw, 1024px\" \/><\/p>\n<p>&nbsp;<\/p>\n<p>Asimismo, <strong>los empleados son cada vez m\u00e1s conscientes de la importancia de formarse de manera continua,<\/strong> pero suelen tener poco tiempo para realizarlas. Directivos y comerciales son los que normalmente tienen menos tiempo para realizar formaciones, aunque desean tener conocimientos relevantes y actualizados sobre el negocio y su sector.<\/p>\n<p>Para lograr estos objetivos, es importante construir aut\u00e9nticas comunidades de aprendizaje, que dispongan de herramientas de uso intuitivo que puedan ofrecer materiales actuales y de f\u00e1cil consumo. La clave es fidelizar a los alumnos ofreci\u00e9ndoles contenidos de formato \u00e1gil, y permiti\u00e9ndoles compartir experiencias y buenas pr\u00e1cticas.<\/p>\n<p>En este contexto, <strong>Grupo Hedima Corporate<\/strong> lanza <strong>SOCIAL LEARNING SPACES,<\/strong> una soluci\u00f3n de formaci\u00f3n \u00e1gil y social:<\/p>\n<p><strong>SOCIAL LEARNING SPACES se apoya en un soporte tecnol\u00f3gico especialmente dise\u00f1ado para favorecer el aprendizaje no formal, realizado en cualquier momento del d\u00eda, desde cualquier dispositivo y de manera r\u00e1pida y sencilla.<\/strong> Para ello, se utilizan <strong>todo tipo de recursos no formales:<\/strong> v\u00eddeos, infograf\u00edas, art\u00edculos, casos pr\u00e1cticos\u2026 convenientemente seleccionados e incluso creados a medida para cada proyecto.<\/p>\n<p>&nbsp;<\/p>\n<blockquote>\n<h3 style=\"text-align: center;\"><span style=\"color: #000000;\"><strong>\u00abSOCIAL LEARNING SPACES se apoya en un soporte tecnol\u00f3gico especialmente dise\u00f1ado para favorecer el aprendizaje no formal\u00bb<\/strong><\/span><\/h3>\n<\/blockquote>\n<p>&nbsp;<\/p>\n<p>La parte social de la soluci\u00f3n se apoya en varias herramientas: la plataforma dispone de un <strong>espacio de aula virtual de sencillo manejo para poder realizar webinars o encuentros,<\/strong> tambi\u00e9n de un <strong>espacio de foros<\/strong> donde los alumnos pueden compartir experiencias y buenas pr\u00e1cticas. Adem\u00e1s, <strong>SOCIAL LEARNING SPACES <\/strong>cuenta con un <strong>sistema de gamificaci\u00f3n:<\/strong> se motiva y premia la participaci\u00f3n e interacci\u00f3n de los alumnos.<\/p>\n<p>Aunque <strong>SOCIAL LEARNING SPACES<\/strong> es una soluci\u00f3n que se puede aplicar en cualquier equipo de una empresa, se adapta particularmente a directivos, dado que permite trabajar competencias, valores y habilidades espec\u00edficas. Adem\u00e1s, la brevedad de los contenidos permite la formaci\u00f3n de un colectivo con tiempo escaso.<\/p>\n<p>Tambi\u00e9n es muy funcional para <strong>equipos comerciales, que pueden compartir buenas pr\u00e1cticas. <\/strong>Asimismo, puede aplicarse a cualquier tipo de <strong>equipo de alto rendimiento,<\/strong> ya que la soluci\u00f3n permite aportar formaci\u00f3n y desarrollar <strong>estrategias para motivar<\/strong> a los profesionales.<\/p>\n<p><span style=\"color: #000000;\">Descubre <strong>SOCIAL LEARNING SPACES<\/strong>, una nueva experiencia de aprendizaje para ayudar a los equipos a alcanzar sus metas.<\/span><\/p>\n<p>&nbsp;<\/p>\n\n<div class=\"wpcf7 no-js\" id=\"wpcf7-f410-o1\" lang=\"en-US\" dir=\"ltr\" data-wpcf7-id=\"410\">\n<div class=\"screen-reader-response\"><p role=\"status\" aria-live=\"polite\" aria-atomic=\"true\"><\/p> <ul><\/ul><\/div>\n<form action=\"\/api\/wp\/v2\/posts\/478#wpcf7-f410-o1\" method=\"post\" class=\"wpcf7-form init\" aria-label=\"Contact form\" novalidate=\"novalidate\" data-status=\"init\">\n<fieldset class=\"hidden-fields-container\"><input type=\"hidden\" name=\"_wpcf7\" value=\"410\" \/><input type=\"hidden\" name=\"_wpcf7_version\" value=\"6.1.2\" \/><input type=\"hidden\" name=\"_wpcf7_locale\" value=\"en_US\" \/><input type=\"hidden\" name=\"_wpcf7_unit_tag\" value=\"wpcf7-f410-o1\" \/><input type=\"hidden\" name=\"_wpcf7_container_post\" value=\"0\" \/><input type=\"hidden\" name=\"_wpcf7_posted_data_hash\" value=\"\" \/><input type=\"hidden\" name=\"_wpcf7_recaptcha_response\" value=\"\" \/>\n<\/fieldset>\n<h3>Si quieres saber m\u00e1s sobre alguno de los temas expuestos no dudes en consultarnos.\n<\/h3>\n<div class=\"row\">\n\t<div class=\"col-sm-2 col-1\">\n\t\t<div class=\"contact-input\">\n\t\t\t<div class=\"contact-input-label\">\n\t\t\t\t<p>Nombre<span>*<\/span>\n\t\t\t\t<\/p>\n\t\t\t<\/div>\n\t\t\t<p><span class=\"wpcf7-form-control-wrap\" data-name=\"first-name\"><input size=\"40\" maxlength=\"400\" class=\"wpcf7-form-control wpcf7-text wpcf7-validates-as-required\" aria-required=\"true\" aria-invalid=\"false\" value=\"\" type=\"text\" name=\"first-name\" \/><\/span>\n\t\t\t<\/p>\n\t\t<\/div>\n\t\t<div class=\"contact-input\">\n\t\t\t<div class=\"contact-input-label\">\n\t\t\t\t<p>Correo electr\u00f3nico<span>*<\/span>\n\t\t\t\t<\/p>\n\t\t\t<\/div>\n\t\t\t<p><span class=\"wpcf7-form-control-wrap\" data-name=\"email\"><input size=\"40\" maxlength=\"400\" class=\"wpcf7-form-control wpcf7-email wpcf7-validates-as-required wpcf7-text wpcf7-validates-as-email\" aria-required=\"true\" aria-invalid=\"false\" value=\"\" type=\"email\" name=\"email\" \/><\/span>\n\t\t\t<\/p>\n\t\t<\/div>\n\t\t<div class=\"contact-input\">\n\t\t\t<div class=\"contact-input-label\">\n\t\t\t\t<p>Empresa<span><\/span>\n\t\t\t\t<\/p>\n\t\t\t<\/div>\n\t\t\t<p><span class=\"wpcf7-form-control-wrap\" data-name=\"company\"><input size=\"40\" maxlength=\"400\" class=\"wpcf7-form-control wpcf7-text\" aria-invalid=\"false\" value=\"\" type=\"text\" name=\"company\" \/><\/span>\n\t\t\t<\/p>\n\t\t<\/div>\n\t<\/div>\n\t<div class=\"col-sm-2 col-1\">\n\t\t<div class=\"contact-input\">\n\t\t\t<div class=\"contact-input-label\">\n\t\t\t\t<p>Apellidos<span>*<\/span>\n\t\t\t\t<\/p>\n\t\t\t<\/div>\n\t\t\t<p><span class=\"wpcf7-form-control-wrap\" data-name=\"last_name\"><input size=\"40\" maxlength=\"400\" class=\"wpcf7-form-control wpcf7-text wpcf7-validates-as-required\" aria-required=\"true\" aria-invalid=\"false\" value=\"\" type=\"text\" name=\"last_name\" \/><\/span>\n\t\t\t<\/p>\n\t\t<\/div>\n\t\t<div class=\"contact-input\">\n\t\t\t<div class=\"contact-input-label\">\n\t\t\t\t<p>Tel\u00e9fono\n\t\t\t\t<\/p>\n\t\t\t<\/div>\n\t\t\t<p><span class=\"wpcf7-form-control-wrap\" data-name=\"tel\"><input size=\"40\" maxlength=\"400\" class=\"wpcf7-form-control wpcf7-tel wpcf7-text wpcf7-validates-as-tel\" aria-invalid=\"false\" value=\"\" type=\"tel\" name=\"tel\" \/><\/span>\n\t\t\t<\/p>\n\t\t<\/div>\n\t\t<div class=\"contact-input\">\n\t\t\t<div class=\"contact-input-label\">\n\t\t\t\t<p>Pa\u00eds<span><\/span>\n\t\t\t\t<\/p>\n\t\t\t<\/div>\n\t\t\t<p><span class=\"wpcf7-form-control-wrap\" data-name=\"country\"><input size=\"40\" maxlength=\"400\" class=\"wpcf7-form-control wpcf7-text\" aria-invalid=\"false\" value=\"\" type=\"text\" name=\"country\" \/><\/span>\n\t\t\t<\/p>\n\t\t<\/div>\n\t<\/div>\n<\/div>\n<h4>Mensaje\n<\/h4>\n<p><span class=\"wpcf7-form-control-wrap\" data-name=\"message\"><textarea cols=\"40\" rows=\"10\" maxlength=\"2000\" class=\"wpcf7-form-control wpcf7-textarea\" aria-invalid=\"false\" name=\"message\"><\/textarea><\/span>\n<\/p>\n<div class=\"check\">\n\t<p><b>T\u00e9rminos legales<span>*<\/span><\/b>\n\t<\/p>\n\t<p><span class=\"wpcf7-form-control-wrap\" data-name=\"privacy\"><span class=\"wpcf7-form-control wpcf7-acceptance\"><span class=\"wpcf7-list-item\"><input type=\"checkbox\" name=\"privacy\" value=\"1\" aria-invalid=\"false\" \/><\/span><\/span><\/span> Acepto los t\u00e9rminos descritos en el <a href=\"https:\/\/www.grupohedima.com\/aviso-legal\/\" target=\"_blank\"><span style=\"color:#049BAA\">Aviso Legal<span\/><\/span><\/span><\/a> y la <a href=\"https:\/\/www.grupohedima.com\/politica-privacidad\/\" target=\"_blank\"><span style=\"color:#049BAA\">Pol\u00edtica de Privacidad.<span\/><\/span><\/span><\/a>\n\t<\/p>\n<\/div>\n<div class=\"check\">\n<\/div>\n<div class=\"check\">\n\t<p><b>Recibir informaci\u00f3n de nuestros servicios, productos y eventos.<span>*<\/span><\/b>\n\t<\/p>\n\t<p><span class=\"wpcf7-form-control-wrap\" data-name=\"mkt_camp\"><span class=\"wpcf7-form-control wpcf7-checkbox wpcf7-validates-as-required wpcf7-exclusive-checkbox\"><span class=\"wpcf7-list-item first\"><input type=\"checkbox\" name=\"mkt_camp\" value=\"S\u00cd\" checked=\"checked\" \/><span class=\"wpcf7-list-item-label\">S\u00cd<\/span><\/span><span class=\"wpcf7-list-item last\"><input type=\"checkbox\" name=\"mkt_camp\" value=\"NO\" \/><span class=\"wpcf7-list-item-label\">NO<\/span><\/span><\/span><\/span>\n\t<\/p>\n<\/div>\n<div class=\"check\">\n<\/div>\n<span class=\"wpcf7-form-control-wrap recaptcha\" data-name=\"recaptcha\"><span data-sitekey=\"6LdK0Z8dAAAAAORlODp8MnltbBnKUU8Kzs24aY2g\" class=\"wpcf7-form-control wpcf7-recaptcha g-recaptcha\"><\/span>\r\n<noscript>\r\n\t<div class=\"grecaptcha-noscript\">\r\n\t\t<iframe loading=\"lazy\" src=\"https:\/\/www.google.com\/recaptcha\/api\/fallback?k=6LdK0Z8dAAAAAORlODp8MnltbBnKUU8Kzs24aY2g\" frameborder=\"0\" scrolling=\"no\" width=\"310\" height=\"430\">\r\n\t\t<\/iframe>\r\n\t\t<textarea name=\"g-recaptcha-response\" rows=\"3\" cols=\"40\" placeholder=\"reCaptcha Response Here\">\r\n\t\t<\/textarea>\r\n\t<\/div>\r\n<\/noscript>\r\n<\/span>\n<p><input class=\"wpcf7-form-control wpcf7-submit has-spinner\" type=\"submit\" value=\"\u00a1Cons\u00faltanos!\" \/>\n<\/p>\n<div class=\"contact-input\" style=\"display:none\">\n\t<p><span class=\"wpcf7-form-control-wrap\" data-name=\"origin\"><input size=\"40\" maxlength=\"400\" class=\"wpcf7-form-control wpcf7-text\" aria-invalid=\"false\" value=\"\" type=\"text\" name=\"origin\" \/><\/span>\n\t<\/p>\n<\/div><div class=\"wpcf7-response-output\" aria-hidden=\"true\"><\/div>\n<\/form>\n<\/div>\n\n<p><img loading=\"lazy\" decoding=\"async\" class=\"alignnone wp-image-505 size-full\" src=\"https:\/\/grupohedimacorporate.com\/wp-content\/uploads\/2022\/01\/Filet01.png\" alt=\"\" width=\"1200\" height=\"1\" srcset=\"https:\/\/grupohedimacorporate.com\/wp-content\/uploads\/2022\/01\/Filet01.png 1200w, https:\/\/grupohedimacorporate.com\/wp-content\/uploads\/2022\/01\/Filet01-300x1.png 300w, https:\/\/grupohedimacorporate.com\/wp-content\/uploads\/2022\/01\/Filet01-1024x1.png 1024w, https:\/\/grupohedimacorporate.com\/wp-content\/uploads\/2022\/01\/Filet01-150x1.png 150w, https:\/\/grupohedimacorporate.com\/wp-content\/uploads\/2022\/01\/Filet01-768x1.png 768w\" sizes=\"auto, (max-width: 1200px) 100vw, 1200px\" \/><\/p>\n<p><span style=\"font-size: 10pt;\">FUENTES<\/span><\/p>\n<p><span style=\"font-size: 10pt;\"><a href=\"https:\/\/www.ft.com\/content\/0c4a7b50-4226-45f7-8433-ed6cbdde9202\" target=\"_blank\" rel=\"noopener\"><span style=\"color: #049baa;\">Art\u00edculo Financial Times.<\/span><\/a><\/span><\/p>\n<p><a href=\"https:\/\/www.carringtoncrisp.com\/intelligence\/executive-education-futures\/\" target=\"_blank\" rel=\"noopener\"><span style=\"color: #049baa;\"><span style=\"font-size: 10pt;\">Informe CarringtonCrisp.<\/span><\/span><\/a><\/p>\n","protected":false},"excerpt":{"rendered":"<p>En un contexto en el que la formaci\u00f3n cont\u00ednua es cada vez m\u00e1s importante para sostener en el tiempo la consecuci\u00f3n de objetivos, llega SOCIAL LEARNING SPACES. Una nueva soluci\u00f3n de formaci\u00f3n intuitiva, \u00e1gil y en comunidad destinada a ayudar a los equipos a alcanzar sus metas. &nbsp; &nbsp; El diario Financial Times realiz\u00f3 a [&hellip;]<\/p>\n","protected":false},"author":2,"featured_media":479,"comment_status":"open","ping_status":"open","sticky":false,"template":"","format":"standard","meta":{"_acf_changed":false,"footnotes":""},"categories":[19,17],"tags":[],"class_list":["post-478","post","type-post","status-publish","format-standard","has-post-thumbnail","hentry","category-soluciones","category-tendencias"],"acf":[],"yoast_head":"<!-- This site is optimized with the Yoast SEO plugin v26.2 - https:\/\/yoast.com\/wordpress\/plugins\/seo\/ -->\n<title>Llega Social Learning Spaces - Grupo Hedima Corporate L&amp;D<\/title>\n<meta name=\"description\" content=\"Ac\u00e9rcate a la actualidad del sector a trav\u00e9s de Grupo Hedima Corporate L&amp;D y descubre qu\u00e9 hay de nuevo e interesante.\" \/>\n<meta name=\"robots\" content=\"index, follow, max-snippet:-1, max-image-preview:large, max-video-preview:-1\" \/>\n<link rel=\"canonical\" href=\"https:\/\/grupohedimacorporate.com\/social-learning-spaces\/\" \/>\n<meta property=\"og:locale\" content=\"es_ES\" \/>\n<meta property=\"og:type\" content=\"article\" \/>\n<meta property=\"og:title\" content=\"Llega Social Learning Spaces - Grupo Hedima Corporate L&amp;D\" \/>\n<meta property=\"og:description\" content=\"Ac\u00e9rcate a la actualidad del sector a trav\u00e9s de Grupo Hedima Corporate L&amp;D y descubre qu\u00e9 hay de nuevo e interesante.\" \/>\n<meta property=\"og:url\" content=\"https:\/\/grupohedimacorporate.com\/social-learning-spaces\/\" \/>\n<meta property=\"og:site_name\" content=\"Grupo Hedima Corporate L&amp;D\" \/>\n<meta property=\"article:published_time\" content=\"2022-01-19T15:45:37+00:00\" \/>\n<meta property=\"article:modified_time\" content=\"2023-07-18T09:41:06+00:00\" \/>\n<meta property=\"og:image\" content=\"https:\/\/grupohedimacorporate.com\/wp-content\/uploads\/2022\/01\/SocialLearningSpaces.jpg\" \/>\n\t<meta property=\"og:image:width\" content=\"2048\" \/>\n\t<meta property=\"og:image:height\" content=\"1414\" \/>\n\t<meta property=\"og:image:type\" content=\"image\/jpeg\" \/>\n<meta name=\"author\" content=\"Ovidi Fern\u00e1ndez\" \/>\n<meta name=\"twitter:card\" content=\"summary_large_image\" \/>\n<meta name=\"twitter:creator\" content=\"@GrupoHedimaLD\" \/>\n<meta name=\"twitter:site\" content=\"@GrupoHedimaLD\" \/>\n<meta name=\"twitter:label1\" content=\"Escrito por\" \/>\n\t<meta name=\"twitter:data1\" content=\"Ovidi Fern\u00e1ndez\" \/>\n\t<meta name=\"twitter:label2\" content=\"Tiempo de lectura\" \/>\n\t<meta name=\"twitter:data2\" content=\"3 minutos\" \/>\n<script type=\"application\/ld+json\" class=\"yoast-schema-graph\">{\"@context\":\"https:\/\/schema.org\",\"@graph\":[{\"@type\":\"Article\",\"@id\":\"https:\/\/grupohedimacorporate.com\/social-learning-spaces\/#article\",\"isPartOf\":{\"@id\":\"https:\/\/grupohedimacorporate.com\/social-learning-spaces\/\"},\"author\":{\"name\":\"Ovidi Fern\u00e1ndez\",\"@id\":\"https:\/\/grupohedimacorporate.com\/#\/schema\/person\/d799de0faae43934e0535e76f6e11fe3\"},\"headline\":\"Llega Social Learning Spaces\",\"datePublished\":\"2022-01-19T15:45:37+00:00\",\"dateModified\":\"2023-07-18T09:41:06+00:00\",\"mainEntityOfPage\":{\"@id\":\"https:\/\/grupohedimacorporate.com\/social-learning-spaces\/\"},\"wordCount\":611,\"commentCount\":0,\"publisher\":{\"@id\":\"https:\/\/grupohedimacorporate.com\/#organization\"},\"image\":{\"@id\":\"https:\/\/grupohedimacorporate.com\/social-learning-spaces\/#primaryimage\"},\"thumbnailUrl\":\"https:\/\/grupohedimacorporate.com\/wp-content\/uploads\/2022\/01\/SocialLearningSpaces.jpg\",\"articleSection\":[\"Soluciones\",\"Tendencias\"],\"inLanguage\":\"es\",\"potentialAction\":[{\"@type\":\"CommentAction\",\"name\":\"Comment\",\"target\":[\"https:\/\/grupohedimacorporate.com\/social-learning-spaces\/#respond\"]}]},{\"@type\":\"WebPage\",\"@id\":\"https:\/\/grupohedimacorporate.com\/social-learning-spaces\/\",\"url\":\"https:\/\/grupohedimacorporate.com\/social-learning-spaces\/\",\"name\":\"Llega Social Learning Spaces - Grupo Hedima Corporate L&amp;D\",\"isPartOf\":{\"@id\":\"https:\/\/grupohedimacorporate.com\/#website\"},\"primaryImageOfPage\":{\"@id\":\"https:\/\/grupohedimacorporate.com\/social-learning-spaces\/#primaryimage\"},\"image\":{\"@id\":\"https:\/\/grupohedimacorporate.com\/social-learning-spaces\/#primaryimage\"},\"thumbnailUrl\":\"https:\/\/grupohedimacorporate.com\/wp-content\/uploads\/2022\/01\/SocialLearningSpaces.jpg\",\"datePublished\":\"2022-01-19T15:45:37+00:00\",\"dateModified\":\"2023-07-18T09:41:06+00:00\",\"description\":\"Ac\u00e9rcate a la actualidad del sector a trav\u00e9s de Grupo Hedima Corporate L&D y descubre qu\u00e9 hay de nuevo e interesante.\",\"breadcrumb\":{\"@id\":\"https:\/\/grupohedimacorporate.com\/social-learning-spaces\/#breadcrumb\"},\"inLanguage\":\"es\",\"potentialAction\":[{\"@type\":\"ReadAction\",\"target\":[\"https:\/\/grupohedimacorporate.com\/social-learning-spaces\/\"]}]},{\"@type\":\"ImageObject\",\"inLanguage\":\"es\",\"@id\":\"https:\/\/grupohedimacorporate.com\/social-learning-spaces\/#primaryimage\",\"url\":\"https:\/\/grupohedimacorporate.com\/wp-content\/uploads\/2022\/01\/SocialLearningSpaces.jpg\",\"contentUrl\":\"https:\/\/grupohedimacorporate.com\/wp-content\/uploads\/2022\/01\/SocialLearningSpaces.jpg\",\"width\":2048,\"height\":1414},{\"@type\":\"BreadcrumbList\",\"@id\":\"https:\/\/grupohedimacorporate.com\/social-learning-spaces\/#breadcrumb\",\"itemListElement\":[{\"@type\":\"ListItem\",\"position\":1,\"name\":\"Home\",\"item\":\"https:\/\/grupohedimacorporate.com\/\"},{\"@type\":\"ListItem\",\"position\":2,\"name\":\"Llega Social Learning Spaces\"}]},{\"@type\":\"WebSite\",\"@id\":\"https:\/\/grupohedimacorporate.com\/#website\",\"url\":\"https:\/\/grupohedimacorporate.com\/\",\"name\":\"Grupo Hedima Corporate L&amp;D\",\"description\":\"Learning corporativo alineado con tus objetivos de negocio.\",\"publisher\":{\"@id\":\"https:\/\/grupohedimacorporate.com\/#organization\"},\"potentialAction\":[{\"@type\":\"SearchAction\",\"target\":{\"@type\":\"EntryPoint\",\"urlTemplate\":\"https:\/\/grupohedimacorporate.com\/?s={search_term_string}\"},\"query-input\":{\"@type\":\"PropertyValueSpecification\",\"valueRequired\":true,\"valueName\":\"search_term_string\"}}],\"inLanguage\":\"es\"},{\"@type\":\"Organization\",\"@id\":\"https:\/\/grupohedimacorporate.com\/#organization\",\"name\":\"Grupo Hedima Corporate L&D\",\"url\":\"https:\/\/grupohedimacorporate.com\/\",\"logo\":{\"@type\":\"ImageObject\",\"inLanguage\":\"es\",\"@id\":\"https:\/\/grupohedimacorporate.com\/#\/schema\/logo\/image\/\",\"url\":\"https:\/\/grupohedimacorporate.com\/wp-content\/uploads\/2021\/12\/Logo_GH_v2021.png\",\"contentUrl\":\"https:\/\/grupohedimacorporate.com\/wp-content\/uploads\/2021\/12\/Logo_GH_v2021.png\",\"width\":1169,\"height\":596,\"caption\":\"Grupo Hedima Corporate L&D\"},\"image\":{\"@id\":\"https:\/\/grupohedimacorporate.com\/#\/schema\/logo\/image\/\"},\"sameAs\":[\"https:\/\/x.com\/GrupoHedimaLD\",\"https:\/\/www.linkedin.com\/company\/grupohedima-corporate\/mycompany\/?viewAsMember=true\"]},{\"@type\":\"Person\",\"@id\":\"https:\/\/grupohedimacorporate.com\/#\/schema\/person\/d799de0faae43934e0535e76f6e11fe3\",\"name\":\"Ovidi Fern\u00e1ndez\",\"image\":{\"@type\":\"ImageObject\",\"inLanguage\":\"es\",\"@id\":\"https:\/\/grupohedimacorporate.com\/#\/schema\/person\/image\/\",\"url\":\"https:\/\/secure.gravatar.com\/avatar\/df9da814332d40a73df1760651689fd2014b36131f051e4ca5623be4f536ebbb?s=96&d=mm&r=g\",\"contentUrl\":\"https:\/\/secure.gravatar.com\/avatar\/df9da814332d40a73df1760651689fd2014b36131f051e4ca5623be4f536ebbb?s=96&d=mm&r=g\",\"caption\":\"Ovidi Fern\u00e1ndez\"},\"url\":\"https:\/\/grupohedimacorporate.com\/author\/ofernandez\/\"}]}<\/script>\n<!-- \/ Yoast SEO plugin. -->","yoast_head_json":{"title":"Llega Social Learning Spaces - Grupo Hedima Corporate L&amp;D","description":"Ac\u00e9rcate a la actualidad del sector a trav\u00e9s de Grupo Hedima Corporate L&D y descubre qu\u00e9 hay de nuevo e interesante.","robots":{"index":"index","follow":"follow","max-snippet":"max-snippet:-1","max-image-preview":"max-image-preview:large","max-video-preview":"max-video-preview:-1"},"canonical":"https:\/\/grupohedimacorporate.com\/social-learning-spaces\/","og_locale":"es_ES","og_type":"article","og_title":"Llega Social Learning Spaces - Grupo Hedima Corporate L&amp;D","og_description":"Ac\u00e9rcate a la actualidad del sector a trav\u00e9s de Grupo Hedima Corporate L&D y descubre qu\u00e9 hay de nuevo e interesante.","og_url":"https:\/\/grupohedimacorporate.com\/social-learning-spaces\/","og_site_name":"Grupo Hedima Corporate L&amp;D","article_published_time":"2022-01-19T15:45:37+00:00","article_modified_time":"2023-07-18T09:41:06+00:00","og_image":[{"width":2048,"height":1414,"url":"https:\/\/grupohedimacorporate.com\/wp-content\/uploads\/2022\/01\/SocialLearningSpaces.jpg","type":"image\/jpeg"}],"author":"Ovidi Fern\u00e1ndez","twitter_card":"summary_large_image","twitter_creator":"@GrupoHedimaLD","twitter_site":"@GrupoHedimaLD","twitter_misc":{"Escrito por":"Ovidi Fern\u00e1ndez","Tiempo de lectura":"3 minutos"},"schema":{"@context":"https:\/\/schema.org","@graph":[{"@type":"Article","@id":"https:\/\/grupohedimacorporate.com\/social-learning-spaces\/#article","isPartOf":{"@id":"https:\/\/grupohedimacorporate.com\/social-learning-spaces\/"},"author":{"name":"Ovidi Fern\u00e1ndez","@id":"https:\/\/grupohedimacorporate.com\/#\/schema\/person\/d799de0faae43934e0535e76f6e11fe3"},"headline":"Llega Social Learning Spaces","datePublished":"2022-01-19T15:45:37+00:00","dateModified":"2023-07-18T09:41:06+00:00","mainEntityOfPage":{"@id":"https:\/\/grupohedimacorporate.com\/social-learning-spaces\/"},"wordCount":611,"commentCount":0,"publisher":{"@id":"https:\/\/grupohedimacorporate.com\/#organization"},"image":{"@id":"https:\/\/grupohedimacorporate.com\/social-learning-spaces\/#primaryimage"},"thumbnailUrl":"https:\/\/grupohedimacorporate.com\/wp-content\/uploads\/2022\/01\/SocialLearningSpaces.jpg","articleSection":["Soluciones","Tendencias"],"inLanguage":"es","potentialAction":[{"@type":"CommentAction","name":"Comment","target":["https:\/\/grupohedimacorporate.com\/social-learning-spaces\/#respond"]}]},{"@type":"WebPage","@id":"https:\/\/grupohedimacorporate.com\/social-learning-spaces\/","url":"https:\/\/grupohedimacorporate.com\/social-learning-spaces\/","name":"Llega Social Learning Spaces - Grupo Hedima Corporate L&amp;D","isPartOf":{"@id":"https:\/\/grupohedimacorporate.com\/#website"},"primaryImageOfPage":{"@id":"https:\/\/grupohedimacorporate.com\/social-learning-spaces\/#primaryimage"},"image":{"@id":"https:\/\/grupohedimacorporate.com\/social-learning-spaces\/#primaryimage"},"thumbnailUrl":"https:\/\/grupohedimacorporate.com\/wp-content\/uploads\/2022\/01\/SocialLearningSpaces.jpg","datePublished":"2022-01-19T15:45:37+00:00","dateModified":"2023-07-18T09:41:06+00:00","description":"Ac\u00e9rcate a la actualidad del sector a trav\u00e9s de Grupo Hedima Corporate L&D y descubre qu\u00e9 hay de nuevo e interesante.","breadcrumb":{"@id":"https:\/\/grupohedimacorporate.com\/social-learning-spaces\/#breadcrumb"},"inLanguage":"es","potentialAction":[{"@type":"ReadAction","target":["https:\/\/grupohedimacorporate.com\/social-learning-spaces\/"]}]},{"@type":"ImageObject","inLanguage":"es","@id":"https:\/\/grupohedimacorporate.com\/social-learning-spaces\/#primaryimage","url":"https:\/\/grupohedimacorporate.com\/wp-content\/uploads\/2022\/01\/SocialLearningSpaces.jpg","contentUrl":"https:\/\/grupohedimacorporate.com\/wp-content\/uploads\/2022\/01\/SocialLearningSpaces.jpg","width":2048,"height":1414},{"@type":"BreadcrumbList","@id":"https:\/\/grupohedimacorporate.com\/social-learning-spaces\/#breadcrumb","itemListElement":[{"@type":"ListItem","position":1,"name":"Home","item":"https:\/\/grupohedimacorporate.com\/"},{"@type":"ListItem","position":2,"name":"Llega Social Learning Spaces"}]},{"@type":"WebSite","@id":"https:\/\/grupohedimacorporate.com\/#website","url":"https:\/\/grupohedimacorporate.com\/","name":"Grupo Hedima Corporate L&amp;D","description":"Learning corporativo alineado con tus objetivos de negocio.","publisher":{"@id":"https:\/\/grupohedimacorporate.com\/#organization"},"potentialAction":[{"@type":"SearchAction","target":{"@type":"EntryPoint","urlTemplate":"https:\/\/grupohedimacorporate.com\/?s={search_term_string}"},"query-input":{"@type":"PropertyValueSpecification","valueRequired":true,"valueName":"search_term_string"}}],"inLanguage":"es"},{"@type":"Organization","@id":"https:\/\/grupohedimacorporate.com\/#organization","name":"Grupo Hedima Corporate L&D","url":"https:\/\/grupohedimacorporate.com\/","logo":{"@type":"ImageObject","inLanguage":"es","@id":"https:\/\/grupohedimacorporate.com\/#\/schema\/logo\/image\/","url":"https:\/\/grupohedimacorporate.com\/wp-content\/uploads\/2021\/12\/Logo_GH_v2021.png","contentUrl":"https:\/\/grupohedimacorporate.com\/wp-content\/uploads\/2021\/12\/Logo_GH_v2021.png","width":1169,"height":596,"caption":"Grupo Hedima Corporate L&D"},"image":{"@id":"https:\/\/grupohedimacorporate.com\/#\/schema\/logo\/image\/"},"sameAs":["https:\/\/x.com\/GrupoHedimaLD","https:\/\/www.linkedin.com\/company\/grupohedima-corporate\/mycompany\/?viewAsMember=true"]},{"@type":"Person","@id":"https:\/\/grupohedimacorporate.com\/#\/schema\/person\/d799de0faae43934e0535e76f6e11fe3","name":"Ovidi Fern\u00e1ndez","image":{"@type":"ImageObject","inLanguage":"es","@id":"https:\/\/grupohedimacorporate.com\/#\/schema\/person\/image\/","url":"https:\/\/secure.gravatar.com\/avatar\/df9da814332d40a73df1760651689fd2014b36131f051e4ca5623be4f536ebbb?s=96&d=mm&r=g","contentUrl":"https:\/\/secure.gravatar.com\/avatar\/df9da814332d40a73df1760651689fd2014b36131f051e4ca5623be4f536ebbb?s=96&d=mm&r=g","caption":"Ovidi Fern\u00e1ndez"},"url":"https:\/\/grupohedimacorporate.com\/author\/ofernandez\/"}]}},"_links":{"self":[{"href":"https:\/\/grupohedimacorporate.com\/api\/wp\/v2\/posts\/478","targetHints":{"allow":["GET"]}}],"collection":[{"href":"https:\/\/grupohedimacorporate.com\/api\/wp\/v2\/posts"}],"about":[{"href":"https:\/\/grupohedimacorporate.com\/api\/wp\/v2\/types\/post"}],"author":[{"embeddable":true,"href":"https:\/\/grupohedimacorporate.com\/api\/wp\/v2\/users\/2"}],"replies":[{"embeddable":true,"href":"https:\/\/grupohedimacorporate.com\/api\/wp\/v2\/comments?post=478"}],"version-history":[{"count":25,"href":"https:\/\/grupohedimacorporate.com\/api\/wp\/v2\/posts\/478\/revisions"}],"predecessor-version":[{"id":510,"href":"https:\/\/grupohedimacorporate.com\/api\/wp\/v2\/posts\/478\/revisions\/510"}],"wp:featuredmedia":[{"embeddable":true,"href":"https:\/\/grupohedimacorporate.com\/api\/wp\/v2\/media\/479"}],"wp:attachment":[{"href":"https:\/\/grupohedimacorporate.com\/api\/wp\/v2\/media?parent=478"}],"wp:term":[{"taxonomy":"category","embeddable":true,"href":"https:\/\/grupohedimacorporate.com\/api\/wp\/v2\/categories?post=478"},{"taxonomy":"post_tag","embeddable":true,"href":"https:\/\/grupohedimacorporate.com\/api\/wp\/v2\/tags?post=478"}],"curies":[{"name":"wp","href":"https:\/\/api.w.org\/{rel}","templated":true}]}}