{"id":4172,"date":"2026-04-22T07:30:51","date_gmt":"2026-04-22T07:30:51","guid":{"rendered":"https:\/\/grupohedimacorporate.com\/?p=4172"},"modified":"2026-04-22T14:18:38","modified_gmt":"2026-04-22T14:18:38","slug":"accesibilidad-en-ld","status":"publish","type":"post","link":"https:\/\/grupohedimacorporate.com\/accesibilidad-en-ld\/","title":{"rendered":"Accesibilidad en L&#038;D"},"content":{"rendered":"<h2 style=\"text-align: left;\"><span style=\"color: #000000;\"><strong>Accesibilidad: el nuevo est\u00e1ndar de calidad que potencia el aprendizaje global<\/strong><\/span><\/h2>\n<p><strong>La formaci\u00f3n accesible<\/strong> ha dejado de ser una cuesti\u00f3n de \u00abm\u00ednimos legales\u00bb para convertirse en la <strong>m\u00e1xima expresi\u00f3n de un dise\u00f1o instruccional de alto impacto<\/strong>. Atr\u00e1s quedaron los d\u00edas en que la accesibilidad se percib\u00eda como una limitaci\u00f3n t\u00e9cnica o un a\u00f1adido de \u00faltima hora para cumplir con la normativa vigente.<\/p>\n<p>Hoy, las organizaciones que lideran sus sectores han comprendido que dise\u00f1ar contenidos accesibles es, simplemente, dise\u00f1ar mejor.<\/p>\n<p>En esta \u00faltima entrega de <strong>#CharlasConNuestrosExpertos<\/strong>, conversamos con <strong>Mercedes Tapia, Directora de Content Factory en Grupo Hedima<\/strong>, sobre c\u00f3mo transformar esta exigencia normativa en una oportunidad para elevar la calidad del dise\u00f1o instruccional.<\/p>\n<h3 style=\"text-align: left;\"><span style=\"color: #000000;\"><strong>El reto de la m\u00e1xima exigencia: el est\u00e1ndar de la Fundaci\u00f3n ONCE<\/strong><\/span><\/h3>\n<p>Cuando una organizaci\u00f3n se enfrenta a un proyecto de accesibilidad de alto nivel, la <strong>consultor\u00eda previa<\/strong> es el factor diferencial. Para Mercedes Tapia, la experiencia con instituciones de referencia marca el camino: <em>\u00abEl mayor reto al trabajar con la Fundaci\u00f3n ONCE es su nivel de exigencia en accesibilidad\u00bb<\/em>.<\/p>\n<p>La soluci\u00f3n no pasa por una adaptaci\u00f3n t\u00e9cnica hecha a posteriori, sino por construir el contenido sobre una base s\u00f3lida desde el inicio. Para ello, realizamos un an\u00e1lisis previo del alcance que nos permite definir la mejor opci\u00f3n, tanto desde el punto de vista del dise\u00f1o instruccional como de la tecnolog\u00eda.<\/p>\n<p>La clave est\u00e1 en pensar desde el principio en todo el p\u00fablico objetivo. Esa es, precisamente, la parte m\u00e1s compleja, pero la soluci\u00f3n siempre aparece cuando pedagog\u00eda y producci\u00f3n trabajan de forma coordinada.<\/p>\n<p><img loading=\"lazy\" decoding=\"async\" class=\"wp-image-3103 size-full aligncenter\" src=\"https:\/\/grupohedimacorporate.com\/wp-content\/uploads\/2025\/06\/Material_ONCE_Bodego_01-1.png\" alt=\"\" width=\"1000\" height=\"816\" srcset=\"https:\/\/grupohedimacorporate.com\/wp-content\/uploads\/2025\/06\/Material_ONCE_Bodego_01-1.png 1000w, https:\/\/grupohedimacorporate.com\/wp-content\/uploads\/2025\/06\/Material_ONCE_Bodego_01-1-300x245.png 300w, https:\/\/grupohedimacorporate.com\/wp-content\/uploads\/2025\/06\/Material_ONCE_Bodego_01-1-768x627.png 768w\" sizes=\"auto, (max-width: 1000px) 100vw, 1000px\" \/><br \/>\n<span style=\"color: #999999; font-size: 9pt;\"><em>Curso online a medida para mentores y mentoras de Fundaci\u00f3n ONCE.<\/em><\/span><\/p>\n<h3 style=\"text-align: left;\"><span style=\"color: #000000;\"><strong>El mito de la \u00absimplificaci\u00f3n\u00bb: rompiendo el sesgo del dise\u00f1o simple<\/strong><\/span><\/h3>\n<p>Existe el mito de que un contenido accesible debe ser est\u00e1tico o visualmente pobre. Mercedes es tajante al respecto: <strong>\u00abUn contenido accesible debe funcionar exactamente igual que cualquier otro material que se haga hoy en d\u00eda\u00bb<\/strong>.<\/p>\n<p>La accesibilidad bien ejecutada potencia, en lugar de limitar, la experiencia del usuario:<\/p>\n<ul>\n<li><strong>Dinamismo:<\/strong> El objetivo es que los materiales sean \u00e1giles y participativos.<\/li>\n<li><strong>Interacci\u00f3n:<\/strong> El usuario debe participar activamente, no ser un mero receptor pasivo.<\/li>\n<li><strong>Alto impacto:<\/strong> Se logra mediante recursos din\u00e1micos y un lenguaje directo, elementos que van estrechamente enlazados con la accesibilidad.<\/li>\n<\/ul>\n<h3 style=\"text-align: left;\"><span style=\"color: #000000;\"><strong>Impacto en el talento: un beneficio para el 100% de la plantilla<\/strong><\/span><\/h3>\n<p>Aunque la normativa impulsa el cambio, el valor real reside en la eficacia del aprendizaje. <em>\u00abLas empresas detectan que es muy positivo para sus equipos de Recursos Humanos y Talento\u00bb<\/em>, explica Mercedes.<\/p>\n<p>La creaci\u00f3n de materiales accesibles permite que todos los perfiles adquieran el conocimiento que la empresa necesita transmitir. <strong>\u00abNo es solo bueno para unos pocos, es muy positivo para todos; genera una sensaci\u00f3n mucho m\u00e1s positiva en la adquisici\u00f3n del conocimiento\u00bb<\/strong>.<\/p>\n<p style=\"text-align: center; color: #1dacbf; font-size: 20pt;\"><strong><em>\u00abGenera una sensaci\u00f3n mucho m\u00e1s positiva en la formaci\u00f3n y despierta m\u00e1s inter\u00e9s por seguir aprendiendo\u00bb<\/em><\/strong><\/p>\n<p>De hecho, eliminar barreras de comprensi\u00f3n beneficia tanto a personas con discapacidad como a empleados en entornos ruidosos, con fatiga visual o que utilizan dispositivos m\u00f3viles, entre otros.<\/p>\n<h3 style=\"text-align: left;\"><span style=\"color: #000000;\"><strong>Escalabilidad en acci\u00f3n: accesibilidad integrada desde la estrategia<\/strong><\/span><\/h3>\n<p>Para que la formaci\u00f3n sea escalable en organizaciones complejas, la accesibilidad debe formar parte del ADN del proyecto. En Grupo Hedima, este proceso se traduce en:<\/p>\n<ul>\n<li><strong>Dise\u00f1o instruccional avanzado:<\/strong> Hacer accesible no es simplificar, es dise\u00f1ar mejor para que todos aprendan. El reto es aterrizar el formato a un lenguaje sencillo y claro sin bajar el nivel pedag\u00f3gico.<\/li>\n<li><strong>Consultor\u00eda proactiva:<\/strong> <em>\u00abSi el cliente no nos pregunta sobre accesibilidad, nosotros se lo comentamos\u00bb<\/em>. La accesibilidad se integra junto a otros aspectos clave como el lenguaje inclusivo y la cultura de empresa.<\/li>\n<li><strong>Trazabilidad y producci\u00f3n:<\/strong> Contamos con elementos de producci\u00f3n ya estudiados y preparados para garantizar que el medio de transmisi\u00f3n sea 100% accesible.<\/li>\n<\/ul>\n<h3 style=\"text-align: left;\"><span style=\"color: #000000;\"><strong>Conclusi\u00f3n: Formar es incluir<\/strong><\/span><\/h3>\n<p>La accesibilidad es el nuevo est\u00e1ndar de calidad en la formaci\u00f3n corporativa. Aquellas empresas que anticipen su adopci\u00f3n no solo evitar\u00e1n riesgos regulatorios, sino que construir\u00e1n una cultura de aprendizaje m\u00e1s s\u00f3lida y eficiente.<\/p>\n<p>Como concluye Mercedes Tapia: <strong>\u00abLlegaremos a un punto en el que todos los materiales sean accesibles de forma natural\u00bb<\/strong>. La accesibilidad no es una meta, es el punto de partida para una formaci\u00f3n que realmente escala.<\/p>\n<p>\u00bfHablamos sobre c\u00f3mo transformar tu cat\u00e1logo formativo en una herramienta de alto impacto?<\/p>\n<p>&nbsp;<\/p>\n<p id=\"video_vera\"><span style=\"color: #000000;\"><strong>Ver la<\/strong> #charlasconnuestrosexpertos <strong>completa:<\/strong><\/span><\/p>\n<p><iframe loading=\"lazy\" width=\"1000\" height=\"500\" src=\"https:\/\/www.youtube.com\/embed\/xH9DMqxzxZY?si=gt6tezZGvCLh0dXa\" title=\"YouTube video player\" frameborder=\"0\" allow=\"accelerometer; autoplay; clipboard-write; encrypted-media; gyroscope; picture-in-picture; web-share\" referrerpolicy=\"strict-origin-when-cross-origin\" allowfullscreen><\/iframe><br \/>\n&nbsp;<\/p>\n<p><strong>Links relacionados:<\/strong><\/p>\n<p><a href=\"https:\/\/www.once.es\/\" target=\"_blank\" rel=\"noopener\">ONCE<\/a><br \/>\n<a href=\"https:\/\/accessible-eu-centre.ec.europa.eu\/content-corner\/news\/eaa-comes-effect-june-2025-are-you-ready-2025-01-31_en\" target=\"_blank\" rel=\"noopener\">European Accessibility Act<\/a><br \/>\n<img loading=\"lazy\" decoding=\"async\" class=\"alignnone wp-image-505 size-full\" src=\"https:\/\/grupohedimacorporate.com\/wp-content\/uploads\/2022\/01\/Filet01.png\" alt=\"Separador\" width=\"1200\" height=\"1\" srcset=\"https:\/\/grupohedimacorporate.com\/wp-content\/uploads\/2022\/01\/Filet01.png 1200w, https:\/\/grupohedimacorporate.com\/wp-content\/uploads\/2022\/01\/Filet01-300x1.png 300w, https:\/\/grupohedimacorporate.com\/wp-content\/uploads\/2022\/01\/Filet01-1024x1.png 1024w, https:\/\/grupohedimacorporate.com\/wp-content\/uploads\/2022\/01\/Filet01-150x1.png 150w, https:\/\/grupohedimacorporate.com\/wp-content\/uploads\/2022\/01\/Filet01-768x1.png 768w\" sizes=\"auto, (max-width: 1200px) 100vw, 1200px\" \/><\/p>\n\n<div class=\"wpcf7 no-js\" id=\"wpcf7-f410-o1\" lang=\"en-US\" dir=\"ltr\" data-wpcf7-id=\"410\">\n<div class=\"screen-reader-response\"><p role=\"status\" aria-live=\"polite\" aria-atomic=\"true\"><\/p> <ul><\/ul><\/div>\n<form action=\"\/api\/wp\/v2\/posts\/4172#wpcf7-f410-o1\" method=\"post\" class=\"wpcf7-form init\" aria-label=\"Contact form\" novalidate=\"novalidate\" data-status=\"init\">\n<fieldset class=\"hidden-fields-container\"><input type=\"hidden\" name=\"_wpcf7\" value=\"410\" \/><input type=\"hidden\" name=\"_wpcf7_version\" value=\"6.1.2\" \/><input type=\"hidden\" name=\"_wpcf7_locale\" value=\"en_US\" \/><input type=\"hidden\" name=\"_wpcf7_unit_tag\" value=\"wpcf7-f410-o1\" \/><input type=\"hidden\" name=\"_wpcf7_container_post\" value=\"0\" \/><input type=\"hidden\" name=\"_wpcf7_posted_data_hash\" value=\"\" \/><input type=\"hidden\" name=\"_wpcf7_recaptcha_response\" value=\"\" \/>\n<\/fieldset>\n<h3>Si quieres saber m\u00e1s sobre alguno de los temas expuestos no dudes en consultarnos.\n<\/h3>\n<div class=\"row\">\n\t<div class=\"col-sm-2 col-1\">\n\t\t<div class=\"contact-input\">\n\t\t\t<div class=\"contact-input-label\">\n\t\t\t\t<p>Nombre<span>*<\/span>\n\t\t\t\t<\/p>\n\t\t\t<\/div>\n\t\t\t<p><span class=\"wpcf7-form-control-wrap\" data-name=\"first-name\"><input size=\"40\" maxlength=\"400\" class=\"wpcf7-form-control wpcf7-text wpcf7-validates-as-required\" aria-required=\"true\" aria-invalid=\"false\" value=\"\" type=\"text\" name=\"first-name\" \/><\/span>\n\t\t\t<\/p>\n\t\t<\/div>\n\t\t<div class=\"contact-input\">\n\t\t\t<div class=\"contact-input-label\">\n\t\t\t\t<p>Correo electr\u00f3nico<span>*<\/span>\n\t\t\t\t<\/p>\n\t\t\t<\/div>\n\t\t\t<p><span class=\"wpcf7-form-control-wrap\" data-name=\"email\"><input size=\"40\" maxlength=\"400\" class=\"wpcf7-form-control wpcf7-email wpcf7-validates-as-required wpcf7-text wpcf7-validates-as-email\" aria-required=\"true\" aria-invalid=\"false\" value=\"\" type=\"email\" name=\"email\" \/><\/span>\n\t\t\t<\/p>\n\t\t<\/div>\n\t\t<div class=\"contact-input\">\n\t\t\t<div class=\"contact-input-label\">\n\t\t\t\t<p>Empresa<span><\/span>\n\t\t\t\t<\/p>\n\t\t\t<\/div>\n\t\t\t<p><span class=\"wpcf7-form-control-wrap\" data-name=\"company\"><input size=\"40\" maxlength=\"400\" class=\"wpcf7-form-control wpcf7-text\" aria-invalid=\"false\" value=\"\" type=\"text\" name=\"company\" \/><\/span>\n\t\t\t<\/p>\n\t\t<\/div>\n\t<\/div>\n\t<div class=\"col-sm-2 col-1\">\n\t\t<div class=\"contact-input\">\n\t\t\t<div class=\"contact-input-label\">\n\t\t\t\t<p>Apellidos<span>*<\/span>\n\t\t\t\t<\/p>\n\t\t\t<\/div>\n\t\t\t<p><span class=\"wpcf7-form-control-wrap\" data-name=\"last_name\"><input size=\"40\" maxlength=\"400\" class=\"wpcf7-form-control wpcf7-text wpcf7-validates-as-required\" aria-required=\"true\" aria-invalid=\"false\" value=\"\" type=\"text\" name=\"last_name\" \/><\/span>\n\t\t\t<\/p>\n\t\t<\/div>\n\t\t<div class=\"contact-input\">\n\t\t\t<div class=\"contact-input-label\">\n\t\t\t\t<p>Tel\u00e9fono\n\t\t\t\t<\/p>\n\t\t\t<\/div>\n\t\t\t<p><span class=\"wpcf7-form-control-wrap\" data-name=\"tel\"><input size=\"40\" maxlength=\"400\" class=\"wpcf7-form-control wpcf7-tel wpcf7-text wpcf7-validates-as-tel\" aria-invalid=\"false\" value=\"\" type=\"tel\" name=\"tel\" \/><\/span>\n\t\t\t<\/p>\n\t\t<\/div>\n\t\t<div class=\"contact-input\">\n\t\t\t<div class=\"contact-input-label\">\n\t\t\t\t<p>Pa\u00eds<span><\/span>\n\t\t\t\t<\/p>\n\t\t\t<\/div>\n\t\t\t<p><span class=\"wpcf7-form-control-wrap\" data-name=\"country\"><input size=\"40\" maxlength=\"400\" class=\"wpcf7-form-control wpcf7-text\" aria-invalid=\"false\" value=\"\" type=\"text\" name=\"country\" \/><\/span>\n\t\t\t<\/p>\n\t\t<\/div>\n\t<\/div>\n<\/div>\n<h4>Mensaje\n<\/h4>\n<p><span class=\"wpcf7-form-control-wrap\" data-name=\"message\"><textarea cols=\"40\" rows=\"10\" maxlength=\"2000\" class=\"wpcf7-form-control wpcf7-textarea\" aria-invalid=\"false\" name=\"message\"><\/textarea><\/span>\n<\/p>\n<div class=\"check\">\n\t<p><b>T\u00e9rminos legales<span>*<\/span><\/b>\n\t<\/p>\n\t<p><span class=\"wpcf7-form-control-wrap\" data-name=\"privacy\"><span class=\"wpcf7-form-control wpcf7-acceptance\"><span class=\"wpcf7-list-item\"><input type=\"checkbox\" name=\"privacy\" value=\"1\" aria-invalid=\"false\" \/><\/span><\/span><\/span> Acepto los t\u00e9rminos descritos en el <a href=\"https:\/\/www.grupohedima.com\/aviso-legal\/\" target=\"_blank\"><span style=\"color:#049BAA\">Aviso Legal<span\/><\/span><\/span><\/a> y la <a href=\"https:\/\/www.grupohedima.com\/politica-privacidad\/\" target=\"_blank\"><span style=\"color:#049BAA\">Pol\u00edtica de Privacidad.<span\/><\/span><\/span><\/a>\n\t<\/p>\n<\/div>\n<div class=\"check\">\n<\/div>\n<div class=\"check\">\n\t<p><b>Recibir informaci\u00f3n de nuestros servicios, productos y eventos.<span>*<\/span><\/b>\n\t<\/p>\n\t<p><span class=\"wpcf7-form-control-wrap\" data-name=\"mkt_camp\"><span class=\"wpcf7-form-control wpcf7-checkbox wpcf7-validates-as-required wpcf7-exclusive-checkbox\"><span class=\"wpcf7-list-item first\"><input type=\"checkbox\" name=\"mkt_camp\" value=\"S\u00cd\" checked=\"checked\" \/><span class=\"wpcf7-list-item-label\">S\u00cd<\/span><\/span><span class=\"wpcf7-list-item last\"><input type=\"checkbox\" name=\"mkt_camp\" value=\"NO\" \/><span class=\"wpcf7-list-item-label\">NO<\/span><\/span><\/span><\/span>\n\t<\/p>\n<\/div>\n<div class=\"check\">\n<\/div>\n<span class=\"wpcf7-form-control-wrap recaptcha\" data-name=\"recaptcha\"><span data-sitekey=\"6LdK0Z8dAAAAAORlODp8MnltbBnKUU8Kzs24aY2g\" class=\"wpcf7-form-control wpcf7-recaptcha g-recaptcha\"><\/span>\r\n<noscript>\r\n\t<div class=\"grecaptcha-noscript\">\r\n\t\t<iframe loading=\"lazy\" src=\"https:\/\/www.google.com\/recaptcha\/api\/fallback?k=6LdK0Z8dAAAAAORlODp8MnltbBnKUU8Kzs24aY2g\" frameborder=\"0\" scrolling=\"no\" width=\"310\" height=\"430\">\r\n\t\t<\/iframe>\r\n\t\t<textarea name=\"g-recaptcha-response\" rows=\"3\" cols=\"40\" placeholder=\"reCaptcha Response Here\">\r\n\t\t<\/textarea>\r\n\t<\/div>\r\n<\/noscript>\r\n<\/span>\n<p><input class=\"wpcf7-form-control wpcf7-submit has-spinner\" type=\"submit\" value=\"\u00a1Cons\u00faltanos!\" \/>\n<\/p>\n<div class=\"contact-input\" style=\"display:none\">\n\t<p><span class=\"wpcf7-form-control-wrap\" data-name=\"origin\"><input size=\"40\" maxlength=\"400\" class=\"wpcf7-form-control wpcf7-text\" aria-invalid=\"false\" value=\"\" type=\"text\" name=\"origin\" \/><\/span>\n\t<\/p>\n<\/div><div class=\"wpcf7-response-output\" aria-hidden=\"true\"><\/div>\n<\/form>\n<\/div>\n\n","protected":false},"excerpt":{"rendered":"<p>Accesibilidad: el nuevo est\u00e1ndar de calidad que potencia el aprendizaje global La formaci\u00f3n accesible ha dejado de ser una cuesti\u00f3n de \u00abm\u00ednimos legales\u00bb para convertirse en la m\u00e1xima expresi\u00f3n de un dise\u00f1o instruccional de alto impacto. Atr\u00e1s quedaron los d\u00edas en que la accesibilidad se percib\u00eda como una limitaci\u00f3n t\u00e9cnica o un a\u00f1adido de \u00faltima [&hellip;]<\/p>\n","protected":false},"author":6,"featured_media":4174,"comment_status":"open","ping_status":"open","sticky":false,"template":"","format":"standard","meta":{"_acf_changed":false,"footnotes":""},"categories":[19,17],"tags":[11],"class_list":["post-4172","post","type-post","status-publish","format-standard","has-post-thumbnail","hentry","category-soluciones","category-tendencias","tag-tendencias"],"acf":[],"yoast_head":"<!-- This site is optimized with the Yoast SEO plugin v26.2 - https:\/\/yoast.com\/wordpress\/plugins\/seo\/ -->\n<title>Accesibilidad en L&amp;D - Grupo Hedima Corporate L&amp;D<\/title>\n<meta name=\"description\" content=\"\u00bfEs la accesibilidad una carga legal o una palanca de talento? Mercedes Tapia (Grupo Hedima) explica c\u00f3mo transformar la normativa en un est\u00e1ndar de calidad que potencia el aprendizaje del 100% de la plantilla.\" \/>\n<meta name=\"robots\" content=\"index, follow, max-snippet:-1, max-image-preview:large, max-video-preview:-1\" \/>\n<link rel=\"canonical\" href=\"https:\/\/grupohedimacorporate.com\/accesibilidad-en-ld\/\" \/>\n<meta property=\"og:locale\" content=\"es_ES\" \/>\n<meta property=\"og:type\" content=\"article\" \/>\n<meta property=\"og:title\" content=\"Accesibilidad en L&amp;D - Grupo Hedima Corporate L&amp;D\" \/>\n<meta property=\"og:description\" content=\"\u00bfEs la accesibilidad una carga legal o una palanca de talento? Mercedes Tapia (Grupo Hedima) explica c\u00f3mo transformar la normativa en un est\u00e1ndar de calidad que potencia el aprendizaje del 100% de la plantilla.\" \/>\n<meta property=\"og:url\" content=\"https:\/\/grupohedimacorporate.com\/accesibilidad-en-ld\/\" \/>\n<meta property=\"og:site_name\" content=\"Grupo Hedima Corporate L&amp;D\" \/>\n<meta property=\"article:published_time\" content=\"2026-04-22T07:30:51+00:00\" \/>\n<meta property=\"article:modified_time\" content=\"2026-04-22T14:18:38+00:00\" \/>\n<meta property=\"og:image\" content=\"https:\/\/grupohedimacorporate.com\/wp-content\/uploads\/2026\/04\/Discapacidad-visual-profesional-movil-1-scaled.jpg\" \/>\n\t<meta property=\"og:image:width\" content=\"2560\" \/>\n\t<meta property=\"og:image:height\" content=\"1767\" \/>\n\t<meta property=\"og:image:type\" content=\"image\/jpeg\" \/>\n<meta name=\"author\" content=\"Mirta Abreg\u00fa\" \/>\n<meta name=\"twitter:card\" content=\"summary_large_image\" \/>\n<meta name=\"twitter:creator\" content=\"@GrupoHedimaLD\" \/>\n<meta name=\"twitter:site\" content=\"@GrupoHedimaLD\" \/>\n<meta name=\"twitter:label1\" content=\"Escrito por\" \/>\n\t<meta name=\"twitter:data1\" content=\"Mirta Abreg\u00fa\" \/>\n\t<meta name=\"twitter:label2\" content=\"Tiempo de lectura\" \/>\n\t<meta name=\"twitter:data2\" content=\"4 minutos\" \/>\n<script type=\"application\/ld+json\" class=\"yoast-schema-graph\">{\"@context\":\"https:\/\/schema.org\",\"@graph\":[{\"@type\":\"Article\",\"@id\":\"https:\/\/grupohedimacorporate.com\/accesibilidad-en-ld\/#article\",\"isPartOf\":{\"@id\":\"https:\/\/grupohedimacorporate.com\/accesibilidad-en-ld\/\"},\"author\":{\"name\":\"Mirta Abreg\u00fa\",\"@id\":\"https:\/\/grupohedimacorporate.com\/#\/schema\/person\/ccda1e79047aa48016ed15685dc2f040\"},\"headline\":\"Accesibilidad en L&#038;D\",\"datePublished\":\"2026-04-22T07:30:51+00:00\",\"dateModified\":\"2026-04-22T14:18:38+00:00\",\"mainEntityOfPage\":{\"@id\":\"https:\/\/grupohedimacorporate.com\/accesibilidad-en-ld\/\"},\"wordCount\":798,\"commentCount\":0,\"publisher\":{\"@id\":\"https:\/\/grupohedimacorporate.com\/#organization\"},\"image\":{\"@id\":\"https:\/\/grupohedimacorporate.com\/accesibilidad-en-ld\/#primaryimage\"},\"thumbnailUrl\":\"https:\/\/grupohedimacorporate.com\/wp-content\/uploads\/2026\/04\/Discapacidad-visual-profesional-movil-1-scaled.jpg\",\"keywords\":[\"Tendencias\"],\"articleSection\":[\"Soluciones\",\"Tendencias\"],\"inLanguage\":\"es\",\"potentialAction\":[{\"@type\":\"CommentAction\",\"name\":\"Comment\",\"target\":[\"https:\/\/grupohedimacorporate.com\/accesibilidad-en-ld\/#respond\"]}]},{\"@type\":\"WebPage\",\"@id\":\"https:\/\/grupohedimacorporate.com\/accesibilidad-en-ld\/\",\"url\":\"https:\/\/grupohedimacorporate.com\/accesibilidad-en-ld\/\",\"name\":\"Accesibilidad en L&D - Grupo Hedima Corporate L&amp;D\",\"isPartOf\":{\"@id\":\"https:\/\/grupohedimacorporate.com\/#website\"},\"primaryImageOfPage\":{\"@id\":\"https:\/\/grupohedimacorporate.com\/accesibilidad-en-ld\/#primaryimage\"},\"image\":{\"@id\":\"https:\/\/grupohedimacorporate.com\/accesibilidad-en-ld\/#primaryimage\"},\"thumbnailUrl\":\"https:\/\/grupohedimacorporate.com\/wp-content\/uploads\/2026\/04\/Discapacidad-visual-profesional-movil-1-scaled.jpg\",\"datePublished\":\"2026-04-22T07:30:51+00:00\",\"dateModified\":\"2026-04-22T14:18:38+00:00\",\"description\":\"\u00bfEs la accesibilidad una carga legal o una palanca de talento? Mercedes Tapia (Grupo Hedima) explica c\u00f3mo transformar la normativa en un est\u00e1ndar de calidad que potencia el aprendizaje del 100% de la plantilla.\",\"breadcrumb\":{\"@id\":\"https:\/\/grupohedimacorporate.com\/accesibilidad-en-ld\/#breadcrumb\"},\"inLanguage\":\"es\",\"potentialAction\":[{\"@type\":\"ReadAction\",\"target\":[\"https:\/\/grupohedimacorporate.com\/accesibilidad-en-ld\/\"]}]},{\"@type\":\"ImageObject\",\"inLanguage\":\"es\",\"@id\":\"https:\/\/grupohedimacorporate.com\/accesibilidad-en-ld\/#primaryimage\",\"url\":\"https:\/\/grupohedimacorporate.com\/wp-content\/uploads\/2026\/04\/Discapacidad-visual-profesional-movil-1-scaled.jpg\",\"contentUrl\":\"https:\/\/grupohedimacorporate.com\/wp-content\/uploads\/2026\/04\/Discapacidad-visual-profesional-movil-1-scaled.jpg\",\"width\":2560,\"height\":1767},{\"@type\":\"BreadcrumbList\",\"@id\":\"https:\/\/grupohedimacorporate.com\/accesibilidad-en-ld\/#breadcrumb\",\"itemListElement\":[{\"@type\":\"ListItem\",\"position\":1,\"name\":\"Home\",\"item\":\"https:\/\/grupohedimacorporate.com\/\"},{\"@type\":\"ListItem\",\"position\":2,\"name\":\"Accesibilidad en L&#038;D\"}]},{\"@type\":\"WebSite\",\"@id\":\"https:\/\/grupohedimacorporate.com\/#website\",\"url\":\"https:\/\/grupohedimacorporate.com\/\",\"name\":\"Grupo Hedima Corporate L&amp;D\",\"description\":\"Learning corporativo alineado con tus objetivos de negocio.\",\"publisher\":{\"@id\":\"https:\/\/grupohedimacorporate.com\/#organization\"},\"potentialAction\":[{\"@type\":\"SearchAction\",\"target\":{\"@type\":\"EntryPoint\",\"urlTemplate\":\"https:\/\/grupohedimacorporate.com\/?s={search_term_string}\"},\"query-input\":{\"@type\":\"PropertyValueSpecification\",\"valueRequired\":true,\"valueName\":\"search_term_string\"}}],\"inLanguage\":\"es\"},{\"@type\":\"Organization\",\"@id\":\"https:\/\/grupohedimacorporate.com\/#organization\",\"name\":\"Grupo Hedima Corporate L&D\",\"url\":\"https:\/\/grupohedimacorporate.com\/\",\"logo\":{\"@type\":\"ImageObject\",\"inLanguage\":\"es\",\"@id\":\"https:\/\/grupohedimacorporate.com\/#\/schema\/logo\/image\/\",\"url\":\"https:\/\/grupohedimacorporate.com\/wp-content\/uploads\/2021\/12\/Logo_GH_v2021.png\",\"contentUrl\":\"https:\/\/grupohedimacorporate.com\/wp-content\/uploads\/2021\/12\/Logo_GH_v2021.png\",\"width\":1169,\"height\":596,\"caption\":\"Grupo Hedima Corporate L&D\"},\"image\":{\"@id\":\"https:\/\/grupohedimacorporate.com\/#\/schema\/logo\/image\/\"},\"sameAs\":[\"https:\/\/x.com\/GrupoHedimaLD\",\"https:\/\/www.linkedin.com\/company\/grupohedima-corporate\/mycompany\/?viewAsMember=true\"]},{\"@type\":\"Person\",\"@id\":\"https:\/\/grupohedimacorporate.com\/#\/schema\/person\/ccda1e79047aa48016ed15685dc2f040\",\"name\":\"Mirta Abreg\u00fa\",\"image\":{\"@type\":\"ImageObject\",\"inLanguage\":\"es\",\"@id\":\"https:\/\/grupohedimacorporate.com\/#\/schema\/person\/image\/\",\"url\":\"https:\/\/secure.gravatar.com\/avatar\/639510da0a15094e51be3d8078fb2247176cd237a6fb2b1c4c23e07d50aa8c32?s=96&d=mm&r=g\",\"contentUrl\":\"https:\/\/secure.gravatar.com\/avatar\/639510da0a15094e51be3d8078fb2247176cd237a6fb2b1c4c23e07d50aa8c32?s=96&d=mm&r=g\",\"caption\":\"Mirta Abreg\u00fa\"},\"url\":\"https:\/\/grupohedimacorporate.com\/author\/mirta\/\"}]}<\/script>\n<!-- \/ Yoast SEO plugin. -->","yoast_head_json":{"title":"Accesibilidad en L&D - Grupo Hedima Corporate L&amp;D","description":"\u00bfEs la accesibilidad una carga legal o una palanca de talento? Mercedes Tapia (Grupo Hedima) explica c\u00f3mo transformar la normativa en un est\u00e1ndar de calidad que potencia el aprendizaje del 100% de la plantilla.","robots":{"index":"index","follow":"follow","max-snippet":"max-snippet:-1","max-image-preview":"max-image-preview:large","max-video-preview":"max-video-preview:-1"},"canonical":"https:\/\/grupohedimacorporate.com\/accesibilidad-en-ld\/","og_locale":"es_ES","og_type":"article","og_title":"Accesibilidad en L&D - Grupo Hedima Corporate L&amp;D","og_description":"\u00bfEs la accesibilidad una carga legal o una palanca de talento? Mercedes Tapia (Grupo Hedima) explica c\u00f3mo transformar la normativa en un est\u00e1ndar de calidad que potencia el aprendizaje del 100% de la plantilla.","og_url":"https:\/\/grupohedimacorporate.com\/accesibilidad-en-ld\/","og_site_name":"Grupo Hedima Corporate L&amp;D","article_published_time":"2026-04-22T07:30:51+00:00","article_modified_time":"2026-04-22T14:18:38+00:00","og_image":[{"width":2560,"height":1767,"url":"https:\/\/grupohedimacorporate.com\/wp-content\/uploads\/2026\/04\/Discapacidad-visual-profesional-movil-1-scaled.jpg","type":"image\/jpeg"}],"author":"Mirta Abreg\u00fa","twitter_card":"summary_large_image","twitter_creator":"@GrupoHedimaLD","twitter_site":"@GrupoHedimaLD","twitter_misc":{"Escrito por":"Mirta Abreg\u00fa","Tiempo de lectura":"4 minutos"},"schema":{"@context":"https:\/\/schema.org","@graph":[{"@type":"Article","@id":"https:\/\/grupohedimacorporate.com\/accesibilidad-en-ld\/#article","isPartOf":{"@id":"https:\/\/grupohedimacorporate.com\/accesibilidad-en-ld\/"},"author":{"name":"Mirta Abreg\u00fa","@id":"https:\/\/grupohedimacorporate.com\/#\/schema\/person\/ccda1e79047aa48016ed15685dc2f040"},"headline":"Accesibilidad en L&#038;D","datePublished":"2026-04-22T07:30:51+00:00","dateModified":"2026-04-22T14:18:38+00:00","mainEntityOfPage":{"@id":"https:\/\/grupohedimacorporate.com\/accesibilidad-en-ld\/"},"wordCount":798,"commentCount":0,"publisher":{"@id":"https:\/\/grupohedimacorporate.com\/#organization"},"image":{"@id":"https:\/\/grupohedimacorporate.com\/accesibilidad-en-ld\/#primaryimage"},"thumbnailUrl":"https:\/\/grupohedimacorporate.com\/wp-content\/uploads\/2026\/04\/Discapacidad-visual-profesional-movil-1-scaled.jpg","keywords":["Tendencias"],"articleSection":["Soluciones","Tendencias"],"inLanguage":"es","potentialAction":[{"@type":"CommentAction","name":"Comment","target":["https:\/\/grupohedimacorporate.com\/accesibilidad-en-ld\/#respond"]}]},{"@type":"WebPage","@id":"https:\/\/grupohedimacorporate.com\/accesibilidad-en-ld\/","url":"https:\/\/grupohedimacorporate.com\/accesibilidad-en-ld\/","name":"Accesibilidad en L&D - Grupo Hedima Corporate L&amp;D","isPartOf":{"@id":"https:\/\/grupohedimacorporate.com\/#website"},"primaryImageOfPage":{"@id":"https:\/\/grupohedimacorporate.com\/accesibilidad-en-ld\/#primaryimage"},"image":{"@id":"https:\/\/grupohedimacorporate.com\/accesibilidad-en-ld\/#primaryimage"},"thumbnailUrl":"https:\/\/grupohedimacorporate.com\/wp-content\/uploads\/2026\/04\/Discapacidad-visual-profesional-movil-1-scaled.jpg","datePublished":"2026-04-22T07:30:51+00:00","dateModified":"2026-04-22T14:18:38+00:00","description":"\u00bfEs la accesibilidad una carga legal o una palanca de talento? Mercedes Tapia (Grupo Hedima) explica c\u00f3mo transformar la normativa en un est\u00e1ndar de calidad que potencia el aprendizaje del 100% de la plantilla.","breadcrumb":{"@id":"https:\/\/grupohedimacorporate.com\/accesibilidad-en-ld\/#breadcrumb"},"inLanguage":"es","potentialAction":[{"@type":"ReadAction","target":["https:\/\/grupohedimacorporate.com\/accesibilidad-en-ld\/"]}]},{"@type":"ImageObject","inLanguage":"es","@id":"https:\/\/grupohedimacorporate.com\/accesibilidad-en-ld\/#primaryimage","url":"https:\/\/grupohedimacorporate.com\/wp-content\/uploads\/2026\/04\/Discapacidad-visual-profesional-movil-1-scaled.jpg","contentUrl":"https:\/\/grupohedimacorporate.com\/wp-content\/uploads\/2026\/04\/Discapacidad-visual-profesional-movil-1-scaled.jpg","width":2560,"height":1767},{"@type":"BreadcrumbList","@id":"https:\/\/grupohedimacorporate.com\/accesibilidad-en-ld\/#breadcrumb","itemListElement":[{"@type":"ListItem","position":1,"name":"Home","item":"https:\/\/grupohedimacorporate.com\/"},{"@type":"ListItem","position":2,"name":"Accesibilidad en L&#038;D"}]},{"@type":"WebSite","@id":"https:\/\/grupohedimacorporate.com\/#website","url":"https:\/\/grupohedimacorporate.com\/","name":"Grupo Hedima Corporate L&amp;D","description":"Learning corporativo alineado con tus objetivos de negocio.","publisher":{"@id":"https:\/\/grupohedimacorporate.com\/#organization"},"potentialAction":[{"@type":"SearchAction","target":{"@type":"EntryPoint","urlTemplate":"https:\/\/grupohedimacorporate.com\/?s={search_term_string}"},"query-input":{"@type":"PropertyValueSpecification","valueRequired":true,"valueName":"search_term_string"}}],"inLanguage":"es"},{"@type":"Organization","@id":"https:\/\/grupohedimacorporate.com\/#organization","name":"Grupo Hedima Corporate L&D","url":"https:\/\/grupohedimacorporate.com\/","logo":{"@type":"ImageObject","inLanguage":"es","@id":"https:\/\/grupohedimacorporate.com\/#\/schema\/logo\/image\/","url":"https:\/\/grupohedimacorporate.com\/wp-content\/uploads\/2021\/12\/Logo_GH_v2021.png","contentUrl":"https:\/\/grupohedimacorporate.com\/wp-content\/uploads\/2021\/12\/Logo_GH_v2021.png","width":1169,"height":596,"caption":"Grupo Hedima Corporate L&D"},"image":{"@id":"https:\/\/grupohedimacorporate.com\/#\/schema\/logo\/image\/"},"sameAs":["https:\/\/x.com\/GrupoHedimaLD","https:\/\/www.linkedin.com\/company\/grupohedima-corporate\/mycompany\/?viewAsMember=true"]},{"@type":"Person","@id":"https:\/\/grupohedimacorporate.com\/#\/schema\/person\/ccda1e79047aa48016ed15685dc2f040","name":"Mirta Abreg\u00fa","image":{"@type":"ImageObject","inLanguage":"es","@id":"https:\/\/grupohedimacorporate.com\/#\/schema\/person\/image\/","url":"https:\/\/secure.gravatar.com\/avatar\/639510da0a15094e51be3d8078fb2247176cd237a6fb2b1c4c23e07d50aa8c32?s=96&d=mm&r=g","contentUrl":"https:\/\/secure.gravatar.com\/avatar\/639510da0a15094e51be3d8078fb2247176cd237a6fb2b1c4c23e07d50aa8c32?s=96&d=mm&r=g","caption":"Mirta Abreg\u00fa"},"url":"https:\/\/grupohedimacorporate.com\/author\/mirta\/"}]}},"_links":{"self":[{"href":"https:\/\/grupohedimacorporate.com\/api\/wp\/v2\/posts\/4172","targetHints":{"allow":["GET"]}}],"collection":[{"href":"https:\/\/grupohedimacorporate.com\/api\/wp\/v2\/posts"}],"about":[{"href":"https:\/\/grupohedimacorporate.com\/api\/wp\/v2\/types\/post"}],"author":[{"embeddable":true,"href":"https:\/\/grupohedimacorporate.com\/api\/wp\/v2\/users\/6"}],"replies":[{"embeddable":true,"href":"https:\/\/grupohedimacorporate.com\/api\/wp\/v2\/comments?post=4172"}],"version-history":[{"count":8,"href":"https:\/\/grupohedimacorporate.com\/api\/wp\/v2\/posts\/4172\/revisions"}],"predecessor-version":[{"id":4182,"href":"https:\/\/grupohedimacorporate.com\/api\/wp\/v2\/posts\/4172\/revisions\/4182"}],"wp:featuredmedia":[{"embeddable":true,"href":"https:\/\/grupohedimacorporate.com\/api\/wp\/v2\/media\/4174"}],"wp:attachment":[{"href":"https:\/\/grupohedimacorporate.com\/api\/wp\/v2\/media?parent=4172"}],"wp:term":[{"taxonomy":"category","embeddable":true,"href":"https:\/\/grupohedimacorporate.com\/api\/wp\/v2\/categories?post=4172"},{"taxonomy":"post_tag","embeddable":true,"href":"https:\/\/grupohedimacorporate.com\/api\/wp\/v2\/tags?post=4172"}],"curies":[{"name":"wp","href":"https:\/\/api.w.org\/{rel}","templated":true}]}}