{"id":4079,"date":"2026-03-12T13:47:52","date_gmt":"2026-03-12T13:47:52","guid":{"rendered":"https:\/\/grupohedimacorporate.com\/?p=4079"},"modified":"2026-03-12T13:47:52","modified_gmt":"2026-03-12T13:47:52","slug":"como-estan-formando-en-ia-las-grandes-empresas","status":"publish","type":"post","link":"https:\/\/grupohedimacorporate.com\/como-estan-formando-en-ia-las-grandes-empresas\/","title":{"rendered":"C\u00f3mo est\u00e1n formando en IA las grandes empresas"},"content":{"rendered":"<h2 style=\"text-align: left;\"><span style=\"color: #000000;\"><strong>IA TalentDay26: Hoja de ruta y estrategias reales de las grandes corporaciones para liderar la IA<\/strong><\/span><\/h2>\n<p>La Inteligencia Artificial deja de ser una tendencia en los comit\u00e9s de innovaci\u00f3n para convertirse en la <strong>infraestructura que redefine el trabajo<\/strong> hoy mismo.<\/p>\n<p>Tras nuestra asistencia como patrocinadores ayer en el <strong>IA TalentDay26 de Equipos y Talento<\/strong>, analizamos las conclusiones y las hojas de ruta que empresas como Repsol, Banco Santander, Mahou San Miguel o L\u2019Or\u00e9al ejecutan para asegurar una adopci\u00f3n con impacto real en el negocio.<\/p>\n<p><div id=\"metaslider-id-4111\" style=\"max-width: 1100px; margin: 0 auto;\" class=\"ml-slider-3-102-0 metaslider metaslider-flex metaslider-4111 ml-slider ms-theme-default-base nav-hidden\" role=\"region\" aria-label=\"Nueva presentaci\u00f3n de diapositivas\" data-height=\"600\" data-width=\"1100\">\n    <div id=\"metaslider_container_4111\">\n        <div id=\"metaslider_4111\">\n            <ul aria-live='off' class='slides'>\n                <li style=\"display: block; width: 100%;\" class=\"slide-4112 ms-image \" aria-roledescription=\"slide\" data-date=\"2026-03-12 12:13:31\" data-slide-type=\"image\"><img loading=\"lazy\" decoding=\"async\" src=\"https:\/\/grupohedimacorporate.com\/wp-content\/uploads\/2026\/03\/IATalent-gente-1100x600.jpg\" height=\"600\" width=\"1100\" alt=\"\" class=\"slider-4111 slide-4112 msDefaultImage\" title=\"IATalent gente\" \/><\/li>\n                <li style=\"display: none; width: 100%;\" class=\"slide-4113 ms-image \" aria-roledescription=\"slide\" data-date=\"2026-03-12 12:13:40\" data-slide-type=\"image\"><img loading=\"lazy\" decoding=\"async\" src=\"https:\/\/grupohedimacorporate.com\/wp-content\/uploads\/2026\/03\/Multimedia-5-1100x600.jpg\" height=\"600\" width=\"1100\" alt=\"\" class=\"slider-4111 slide-4113 msDefaultImage\" title=\"Multimedia (5)\" \/><\/li>\n                <li style=\"display: none; width: 100%;\" class=\"slide-4114 ms-image \" aria-roledescription=\"slide\" data-date=\"2026-03-12 12:13:50\" data-slide-type=\"image\"><img loading=\"lazy\" decoding=\"async\" src=\"https:\/\/grupohedimacorporate.com\/wp-content\/uploads\/2026\/03\/publico-IATalentDay26-1100x600.jpg\" height=\"600\" width=\"1100\" alt=\"\" class=\"slider-4111 slide-4114 msDefaultImage\" title=\"publico IATalentDay26\" \/><\/li>\n                <li style=\"display: none; width: 100%;\" class=\"slide-4115 ms-image \" aria-roledescription=\"slide\" data-date=\"2026-03-12 12:13:56\" data-slide-type=\"image\"><img loading=\"lazy\" decoding=\"async\" src=\"https:\/\/grupohedimacorporate.com\/wp-content\/uploads\/2026\/03\/imagen-1-copia-scaled-1100x600.jpeg\" height=\"600\" width=\"1100\" alt=\"\" class=\"slider-4111 slide-4115 msDefaultImage\" title=\"imagen (1) (co?pia)\" \/><\/li>\n                <li style=\"display: none; width: 100%;\" class=\"slide-4116 ms-image \" aria-roledescription=\"slide\" data-date=\"2026-03-12 12:14:01\" data-slide-type=\"image\"><img loading=\"lazy\" decoding=\"async\" src=\"https:\/\/grupohedimacorporate.com\/wp-content\/uploads\/2026\/03\/imagen-1-1100x600.jpeg\" height=\"600\" width=\"1100\" alt=\"\" class=\"slider-4111 slide-4116 msDefaultImage\" title=\"imagen (1)\" \/><\/li>\n                <li style=\"display: none; width: 100%;\" class=\"slide-4126 ms-image \" aria-roledescription=\"slide\" data-date=\"2026-03-12 12:55:17\" data-slide-type=\"image\"><img loading=\"lazy\" decoding=\"async\" src=\"https:\/\/grupohedimacorporate.com\/wp-content\/uploads\/2026\/03\/image00010_02-1100x600.jpg\" height=\"600\" width=\"1100\" alt=\"\" class=\"slider-4111 slide-4126 msDefaultImage\" title=\"image00010_02\" \/><\/li>\n            <\/ul>\n        <\/div>\n        \n    <\/div>\n<\/div><br \/>\n<img loading=\"lazy\" decoding=\"async\" class=\"aligncenter wp-image-1094 size-full\" src=\"https:\/\/grupohedimacorporate.com\/wp-content\/uploads\/2026\/03\/Filet_White_01.png\" alt=\"\" width=\"1000\" height=\"5\" \/><\/p>\n<h3 style=\"text-align: left;\"><span style=\"color: #000000;\"><strong>Del \u00abhype\u00bb tecnol\u00f3gico a la eficiencia operativa<\/strong><\/span><\/h3>\n<p>En la ponencias se destac\u00f3 un cambio en el mercado, pasamos del entusiasmo inicial por las herramientas generativas a un <strong>pragmatismo absoluto<\/strong>. Compa\u00f1\u00edas como <strong>Repsol o L\u2019Or\u00e9al<\/strong> ya no ven la IA como un experimento, sino como una infraestructura de productividad.<\/p>\n<p>La brecha, sin embargo, reside en la ejecuci\u00f3n:<\/p>\n<p>Mientras algunas \u00e1reas ya optimizan procesos cr\u00edticos, como el caso de <strong>Mahou San Miguel<\/strong>, donde la IA ayuda a preparar reuniones de ventas y reportar visitas por voz en tiempo real. Otras organizaciones reconocen que el nivel de formaci\u00f3n de base sigue siendo elemental.<\/p>\n<p>Para que la IA sea un motor de crecimiento y no un riesgo, RRHH lidera hoy un proceso de <strong>alfabetizaci\u00f3n integral<\/strong>.<\/p>\n<h3 style=\"text-align: left;\"><span style=\"color: #000000;\"><strong>Tres pilares de \u00e9xito detectados en los l\u00edderes<\/strong><\/span><\/h3>\n<p>Bas\u00e1ndonos en las experiencias compartidas ayer por los protagonistas del sector, el despliegue efectivo en grandes plantillas requiere tres ejes estrat\u00e9gicos:<\/p>\n<ol>\n<li><strong>Liderazgo y el papel del Mando Intermedio:<\/strong> La transformaci\u00f3n comienza \u00abarriba\u00bb, pero se ejecuta en el medio. Compa\u00f1\u00edas como <strong>Volkswagen Group e Intrum<\/strong> coinciden en que el manager es el eje que debe redefinir el liderazgo para gestionar equipos con capacidades aumentadas.<\/li>\n<li><strong>Formaci\u00f3n por roles y casos de uso:<\/strong> Ya no basta con conceptos generales; el \u00e9xito llega con la segmentaci\u00f3n. <strong>Banco Santander<\/strong> apuesta por una formaci\u00f3n puramente pr\u00e1ctica, mientras que <strong>Repsol<\/strong> demuestra escalabilidad con m\u00e1s de 14.000 horas de formaci\u00f3n en Copilot aplicadas a procesos espec\u00edficos.<\/li>\n<li><strong>Selecci\u00f3n y Bienestar:<\/strong> La IA ya optimiza el ciclo de vida del empleado. <strong>Primaprix<\/strong> alcanza un 86% de \u00e9xito en contrataciones mediante modelos de encaje actitudinal, y firmas como <strong>Generali o PepsiCo<\/strong> utilizan la tecnolog\u00eda para la escucha activa y la mejora de la experiencia del empleado.<\/li>\n<\/ol>\n<h3 style=\"text-align: left;\"><span style=\"color: #000000;\"><strong>El compromiso legal y el talento senior<\/strong><\/span><\/h3>\n<p>La entrada en vigor del <strong>AI Act<\/strong> (Reglamento Europeo de IA) a\u00f1ade una capa de presi\u00f3n: la alfabetizaci\u00f3n ya no es opcional, es una <strong>obligaci\u00f3n de cumplimiento<\/strong> para garantizar un uso responsable y seguro.<\/p>\n<p>Adem\u00e1s, como subraya <strong>L\u2019Or\u00e9al<\/strong>, es cr\u00edtico no dejar atr\u00e1s al <strong>talento senior<\/strong>, cuya experiencia debe potenciarse con nuevas habilidades digitales para capitalizar el pensamiento cr\u00edtico.<\/p>\n<p>Como resume Juan Carlos Carabias (Atos):<\/p>\n<p style=\"text-align: center; color: #1dacbf; font-size: 16pt;\"><strong><em>\u00abLa tecnolog\u00eda es exponencial, pero para gestionar personas, hacen falta personas, no IA\u00bb<\/em>.<\/strong><\/p>\n<h3 style=\"text-align: left;\"><span style=\"color: #000000;\"><strong>La formaci\u00f3n como respuesta operativa<\/strong><\/span><\/h3>\n<p>Las ponencias del <strong>IA TalentDay26<\/strong> confirman que, en organizaciones de m\u00e1s de 1.000 trabajadores, el \u00e9xito no depende de la herramienta, sino de la arquitectura que sostiene su despliegue. <\/p>\n<p>Para convertir estas lecciones en resultados, es necesario un <strong>Plan de Formaci\u00f3n en Inteligencia Artificial<\/strong> que resuelva los grandes desaf\u00edos detectados:<\/p>\n<ul>\n<li><strong>Escalabilidad y homogeneidad:<\/strong> La formaci\u00f3n debe viajar con la misma calidad desde el Comit\u00e9 de Direcci\u00f3n hasta la base operativa, adaptando la profundidad t\u00e9cnica a cada rol bajo una visi\u00f3n estrat\u00e9gica com\u00fan.<\/li>\n<li><strong>Gobernanza y Trazabilidad:<\/strong> Ante la presi\u00f3n normativa, es imperativo medir cada acci\u00f3n para asegurar que el uso de la IA sea responsable, seguro y est\u00e9 alineado con los objetivos de cumplimiento de la compa\u00f1\u00eda.<\/li>\n<li><strong>Adopci\u00f3n basada en casos de uso:<\/strong> El aprendizaje es efectivo cuando se integra en el flujo de trabajo real, identificando los procesos espec\u00edficos donde la tecnolog\u00eda aporta un valor diferencial inmediato.<\/li>\n<\/ul>\n<p>En <strong>Grupo Hedima<\/strong> ayudamos a las grandes empresas a dise\u00f1ar este est\u00e1ndar de alfabetizaci\u00f3n, transformando el potencial de la IA en una capacidad instalada y medible en toda su plantilla.<\/p>\n<p>\u00bfEst\u00e1 su estrategia de aprendizaje preparada para los retos operativos de 2026?<\/p>\n<p><strong>Links relacionados<\/strong><\/p>\n<p><a href=\"https:\/\/www.equiposytalento.com\/noticia_principal\/2026\/03\/12\/gran-exito-de-ia-talent-day-26-con-400-asistentes-convirtiendose-en-el-evento-de-referencia-en-ia-para-recursos-humanos\" target=\"_blank\" rel=\"noopener\">Equipos y Talento | IA Talent Day 26<\/a><br \/>\n<img loading=\"lazy\" decoding=\"async\" class=\"alignnone wp-image-505 size-full\" src=\"https:\/\/grupohedimacorporate.com\/wp-content\/uploads\/2022\/01\/Filet01.png\" alt=\"Separador\" width=\"1200\" height=\"1\" srcset=\"https:\/\/grupohedimacorporate.com\/wp-content\/uploads\/2022\/01\/Filet01.png 1200w, https:\/\/grupohedimacorporate.com\/wp-content\/uploads\/2022\/01\/Filet01-300x1.png 300w, https:\/\/grupohedimacorporate.com\/wp-content\/uploads\/2022\/01\/Filet01-1024x1.png 1024w, https:\/\/grupohedimacorporate.com\/wp-content\/uploads\/2022\/01\/Filet01-150x1.png 150w, https:\/\/grupohedimacorporate.com\/wp-content\/uploads\/2022\/01\/Filet01-768x1.png 768w\" sizes=\"auto, (max-width: 1200px) 100vw, 1200px\" \/><\/p>\n<p><a href=\"https:\/\/grupohedimacorporate.com\/l\/plan-de-formacion-en-inteligencia-artificial-para-empresas\/\" target=\"_blank\" rel=\"noopener\"><img loading=\"lazy\" decoding=\"async\" class=\"aligncenter wp-image-553 size-full\" src=\"https:\/\/grupohedimacorporate.com\/wp-content\/uploads\/2026\/02\/Banner_Firma_Plan-IA.png\" alt=\"Plan de formaci\u00f3n y Alfabetizaci\u00f3n en IA para empresas. Escalamos tu formaci\u00f3n\" width=\"1000\" height=\"600\" \/><\/a><\/p>\n\n<div class=\"wpcf7 no-js\" id=\"wpcf7-f410-o1\" lang=\"en-US\" dir=\"ltr\" data-wpcf7-id=\"410\">\n<div class=\"screen-reader-response\"><p role=\"status\" aria-live=\"polite\" aria-atomic=\"true\"><\/p> <ul><\/ul><\/div>\n<form action=\"\/api\/wp\/v2\/posts\/4079#wpcf7-f410-o1\" method=\"post\" class=\"wpcf7-form init\" aria-label=\"Contact form\" novalidate=\"novalidate\" data-status=\"init\">\n<fieldset class=\"hidden-fields-container\"><input type=\"hidden\" name=\"_wpcf7\" value=\"410\" \/><input type=\"hidden\" name=\"_wpcf7_version\" value=\"6.1.2\" \/><input type=\"hidden\" name=\"_wpcf7_locale\" value=\"en_US\" \/><input type=\"hidden\" name=\"_wpcf7_unit_tag\" value=\"wpcf7-f410-o1\" \/><input type=\"hidden\" name=\"_wpcf7_container_post\" value=\"0\" \/><input type=\"hidden\" name=\"_wpcf7_posted_data_hash\" value=\"\" \/><input type=\"hidden\" name=\"_wpcf7_recaptcha_response\" value=\"\" \/>\n<\/fieldset>\n<h3>Si quieres saber m\u00e1s sobre alguno de los temas expuestos no dudes en consultarnos.\n<\/h3>\n<div class=\"row\">\n\t<div class=\"col-sm-2 col-1\">\n\t\t<div class=\"contact-input\">\n\t\t\t<div class=\"contact-input-label\">\n\t\t\t\t<p>Nombre<span>*<\/span>\n\t\t\t\t<\/p>\n\t\t\t<\/div>\n\t\t\t<p><span class=\"wpcf7-form-control-wrap\" data-name=\"first-name\"><input size=\"40\" maxlength=\"400\" class=\"wpcf7-form-control wpcf7-text wpcf7-validates-as-required\" aria-required=\"true\" aria-invalid=\"false\" value=\"\" type=\"text\" name=\"first-name\" \/><\/span>\n\t\t\t<\/p>\n\t\t<\/div>\n\t\t<div class=\"contact-input\">\n\t\t\t<div class=\"contact-input-label\">\n\t\t\t\t<p>Correo electr\u00f3nico<span>*<\/span>\n\t\t\t\t<\/p>\n\t\t\t<\/div>\n\t\t\t<p><span class=\"wpcf7-form-control-wrap\" data-name=\"email\"><input size=\"40\" maxlength=\"400\" class=\"wpcf7-form-control wpcf7-email wpcf7-validates-as-required wpcf7-text wpcf7-validates-as-email\" aria-required=\"true\" aria-invalid=\"false\" value=\"\" type=\"email\" name=\"email\" \/><\/span>\n\t\t\t<\/p>\n\t\t<\/div>\n\t\t<div class=\"contact-input\">\n\t\t\t<div class=\"contact-input-label\">\n\t\t\t\t<p>Empresa<span><\/span>\n\t\t\t\t<\/p>\n\t\t\t<\/div>\n\t\t\t<p><span class=\"wpcf7-form-control-wrap\" data-name=\"company\"><input size=\"40\" maxlength=\"400\" class=\"wpcf7-form-control wpcf7-text\" aria-invalid=\"false\" value=\"\" type=\"text\" name=\"company\" \/><\/span>\n\t\t\t<\/p>\n\t\t<\/div>\n\t<\/div>\n\t<div class=\"col-sm-2 col-1\">\n\t\t<div class=\"contact-input\">\n\t\t\t<div class=\"contact-input-label\">\n\t\t\t\t<p>Apellidos<span>*<\/span>\n\t\t\t\t<\/p>\n\t\t\t<\/div>\n\t\t\t<p><span class=\"wpcf7-form-control-wrap\" data-name=\"last_name\"><input size=\"40\" maxlength=\"400\" class=\"wpcf7-form-control wpcf7-text wpcf7-validates-as-required\" aria-required=\"true\" aria-invalid=\"false\" value=\"\" type=\"text\" name=\"last_name\" \/><\/span>\n\t\t\t<\/p>\n\t\t<\/div>\n\t\t<div class=\"contact-input\">\n\t\t\t<div class=\"contact-input-label\">\n\t\t\t\t<p>Tel\u00e9fono\n\t\t\t\t<\/p>\n\t\t\t<\/div>\n\t\t\t<p><span class=\"wpcf7-form-control-wrap\" data-name=\"tel\"><input size=\"40\" maxlength=\"400\" class=\"wpcf7-form-control wpcf7-tel wpcf7-text wpcf7-validates-as-tel\" aria-invalid=\"false\" value=\"\" type=\"tel\" name=\"tel\" \/><\/span>\n\t\t\t<\/p>\n\t\t<\/div>\n\t\t<div class=\"contact-input\">\n\t\t\t<div class=\"contact-input-label\">\n\t\t\t\t<p>Pa\u00eds<span><\/span>\n\t\t\t\t<\/p>\n\t\t\t<\/div>\n\t\t\t<p><span class=\"wpcf7-form-control-wrap\" data-name=\"country\"><input size=\"40\" maxlength=\"400\" class=\"wpcf7-form-control wpcf7-text\" aria-invalid=\"false\" value=\"\" type=\"text\" name=\"country\" \/><\/span>\n\t\t\t<\/p>\n\t\t<\/div>\n\t<\/div>\n<\/div>\n<h4>Mensaje\n<\/h4>\n<p><span class=\"wpcf7-form-control-wrap\" data-name=\"message\"><textarea cols=\"40\" rows=\"10\" maxlength=\"2000\" class=\"wpcf7-form-control wpcf7-textarea\" aria-invalid=\"false\" name=\"message\"><\/textarea><\/span>\n<\/p>\n<div class=\"check\">\n\t<p><b>T\u00e9rminos legales<span>*<\/span><\/b>\n\t<\/p>\n\t<p><span class=\"wpcf7-form-control-wrap\" data-name=\"privacy\"><span class=\"wpcf7-form-control wpcf7-acceptance\"><span class=\"wpcf7-list-item\"><input type=\"checkbox\" name=\"privacy\" value=\"1\" aria-invalid=\"false\" \/><\/span><\/span><\/span> Acepto los t\u00e9rminos descritos en el <a href=\"https:\/\/www.grupohedima.com\/aviso-legal\/\" target=\"_blank\"><span style=\"color:#049BAA\">Aviso Legal<span\/><\/span><\/span><\/a> y la <a href=\"https:\/\/www.grupohedima.com\/politica-privacidad\/\" target=\"_blank\"><span style=\"color:#049BAA\">Pol\u00edtica de Privacidad.<span\/><\/span><\/span><\/a>\n\t<\/p>\n<\/div>\n<div class=\"check\">\n<\/div>\n<div class=\"check\">\n\t<p><b>Recibir informaci\u00f3n de nuestros servicios, productos y eventos.<span>*<\/span><\/b>\n\t<\/p>\n\t<p><span class=\"wpcf7-form-control-wrap\" data-name=\"mkt_camp\"><span class=\"wpcf7-form-control wpcf7-checkbox wpcf7-validates-as-required wpcf7-exclusive-checkbox\"><span class=\"wpcf7-list-item first\"><input type=\"checkbox\" name=\"mkt_camp\" value=\"S\u00cd\" checked=\"checked\" \/><span class=\"wpcf7-list-item-label\">S\u00cd<\/span><\/span><span class=\"wpcf7-list-item last\"><input type=\"checkbox\" name=\"mkt_camp\" value=\"NO\" \/><span class=\"wpcf7-list-item-label\">NO<\/span><\/span><\/span><\/span>\n\t<\/p>\n<\/div>\n<div class=\"check\">\n<\/div>\n<span class=\"wpcf7-form-control-wrap recaptcha\" data-name=\"recaptcha\"><span data-sitekey=\"6LdK0Z8dAAAAAORlODp8MnltbBnKUU8Kzs24aY2g\" class=\"wpcf7-form-control wpcf7-recaptcha g-recaptcha\"><\/span>\r\n<noscript>\r\n\t<div class=\"grecaptcha-noscript\">\r\n\t\t<iframe loading=\"lazy\" src=\"https:\/\/www.google.com\/recaptcha\/api\/fallback?k=6LdK0Z8dAAAAAORlODp8MnltbBnKUU8Kzs24aY2g\" frameborder=\"0\" scrolling=\"no\" width=\"310\" height=\"430\">\r\n\t\t<\/iframe>\r\n\t\t<textarea name=\"g-recaptcha-response\" rows=\"3\" cols=\"40\" placeholder=\"reCaptcha Response Here\">\r\n\t\t<\/textarea>\r\n\t<\/div>\r\n<\/noscript>\r\n<\/span>\n<p><input class=\"wpcf7-form-control wpcf7-submit has-spinner\" type=\"submit\" value=\"\u00a1Cons\u00faltanos!\" \/>\n<\/p>\n<div class=\"contact-input\" style=\"display:none\">\n\t<p><span class=\"wpcf7-form-control-wrap\" data-name=\"origin\"><input size=\"40\" maxlength=\"400\" class=\"wpcf7-form-control wpcf7-text\" aria-invalid=\"false\" value=\"\" type=\"text\" name=\"origin\" \/><\/span>\n\t<\/p>\n<\/div><div class=\"wpcf7-response-output\" aria-hidden=\"true\"><\/div>\n<\/form>\n<\/div>\n\n","protected":false},"excerpt":{"rendered":"<p>IA TalentDay26: Hoja de ruta y estrategias reales de las grandes corporaciones para liderar la IA La Inteligencia Artificial deja de ser una tendencia en los comit\u00e9s de innovaci\u00f3n para convertirse en la infraestructura que redefine el trabajo hoy mismo. Tras nuestra asistencia como patrocinadores ayer en el IA TalentDay26 de Equipos y Talento, analizamos [&hellip;]<\/p>\n","protected":false},"author":6,"featured_media":4100,"comment_status":"open","ping_status":"open","sticky":false,"template":"","format":"standard","meta":{"_acf_changed":false,"footnotes":""},"categories":[19,17],"tags":[11],"class_list":["post-4079","post","type-post","status-publish","format-standard","has-post-thumbnail","hentry","category-soluciones","category-tendencias","tag-tendencias"],"acf":[],"yoast_head":"<!-- This site is optimized with the Yoast SEO plugin v26.2 - https:\/\/yoast.com\/wordpress\/plugins\/seo\/ -->\n<title>C\u00f3mo est\u00e1n formando en IA las grandes empresas - Grupo Hedima Corporate L&amp;D<\/title>\n<meta name=\"description\" content=\"\u00bfC\u00f3mo implementan la IA empresas como Repsol o Santander? Analizamos las conclusiones del IA TalentDay26\" \/>\n<meta name=\"robots\" content=\"index, follow, max-snippet:-1, max-image-preview:large, max-video-preview:-1\" \/>\n<link rel=\"canonical\" href=\"https:\/\/grupohedimacorporate.com\/como-estan-formando-en-ia-las-grandes-empresas\/\" \/>\n<meta property=\"og:locale\" content=\"es_ES\" \/>\n<meta property=\"og:type\" content=\"article\" \/>\n<meta property=\"og:title\" content=\"C\u00f3mo est\u00e1n formando en IA las grandes empresas - Grupo Hedima Corporate L&amp;D\" \/>\n<meta property=\"og:description\" content=\"\u00bfC\u00f3mo implementan la IA empresas como Repsol o Santander? Analizamos las conclusiones del IA TalentDay26\" \/>\n<meta property=\"og:url\" content=\"https:\/\/grupohedimacorporate.com\/como-estan-formando-en-ia-las-grandes-empresas\/\" \/>\n<meta property=\"og:site_name\" content=\"Grupo Hedima Corporate L&amp;D\" \/>\n<meta property=\"article:published_time\" content=\"2026-03-12T13:47:52+00:00\" \/>\n<meta property=\"og:image\" content=\"https:\/\/grupohedimacorporate.com\/wp-content\/uploads\/2026\/03\/Banner_Header-scaled.jpg\" \/>\n\t<meta property=\"og:image:width\" content=\"2560\" \/>\n\t<meta property=\"og:image:height\" content=\"1767\" \/>\n\t<meta property=\"og:image:type\" content=\"image\/jpeg\" \/>\n<meta name=\"author\" content=\"Mirta Abreg\u00fa\" \/>\n<meta name=\"twitter:card\" content=\"summary_large_image\" \/>\n<meta name=\"twitter:creator\" content=\"@GrupoHedimaLD\" \/>\n<meta name=\"twitter:site\" content=\"@GrupoHedimaLD\" \/>\n<meta name=\"twitter:label1\" content=\"Escrito por\" \/>\n\t<meta name=\"twitter:data1\" content=\"Mirta Abreg\u00fa\" \/>\n\t<meta name=\"twitter:label2\" content=\"Tiempo de lectura\" \/>\n\t<meta name=\"twitter:data2\" content=\"4 minutos\" \/>\n<script type=\"application\/ld+json\" class=\"yoast-schema-graph\">{\"@context\":\"https:\/\/schema.org\",\"@graph\":[{\"@type\":\"Article\",\"@id\":\"https:\/\/grupohedimacorporate.com\/como-estan-formando-en-ia-las-grandes-empresas\/#article\",\"isPartOf\":{\"@id\":\"https:\/\/grupohedimacorporate.com\/como-estan-formando-en-ia-las-grandes-empresas\/\"},\"author\":{\"name\":\"Mirta Abreg\u00fa\",\"@id\":\"https:\/\/grupohedimacorporate.com\/#\/schema\/person\/ccda1e79047aa48016ed15685dc2f040\"},\"headline\":\"C\u00f3mo est\u00e1n formando en IA las grandes empresas\",\"datePublished\":\"2026-03-12T13:47:52+00:00\",\"mainEntityOfPage\":{\"@id\":\"https:\/\/grupohedimacorporate.com\/como-estan-formando-en-ia-las-grandes-empresas\/\"},\"wordCount\":725,\"commentCount\":0,\"publisher\":{\"@id\":\"https:\/\/grupohedimacorporate.com\/#organization\"},\"image\":{\"@id\":\"https:\/\/grupohedimacorporate.com\/como-estan-formando-en-ia-las-grandes-empresas\/#primaryimage\"},\"thumbnailUrl\":\"https:\/\/grupohedimacorporate.com\/wp-content\/uploads\/2026\/03\/Banner_Header-scaled.jpg\",\"keywords\":[\"Tendencias\"],\"articleSection\":[\"Soluciones\",\"Tendencias\"],\"inLanguage\":\"es\",\"potentialAction\":[{\"@type\":\"CommentAction\",\"name\":\"Comment\",\"target\":[\"https:\/\/grupohedimacorporate.com\/como-estan-formando-en-ia-las-grandes-empresas\/#respond\"]}]},{\"@type\":\"WebPage\",\"@id\":\"https:\/\/grupohedimacorporate.com\/como-estan-formando-en-ia-las-grandes-empresas\/\",\"url\":\"https:\/\/grupohedimacorporate.com\/como-estan-formando-en-ia-las-grandes-empresas\/\",\"name\":\"C\u00f3mo est\u00e1n formando en IA las grandes empresas - Grupo Hedima Corporate L&amp;D\",\"isPartOf\":{\"@id\":\"https:\/\/grupohedimacorporate.com\/#website\"},\"primaryImageOfPage\":{\"@id\":\"https:\/\/grupohedimacorporate.com\/como-estan-formando-en-ia-las-grandes-empresas\/#primaryimage\"},\"image\":{\"@id\":\"https:\/\/grupohedimacorporate.com\/como-estan-formando-en-ia-las-grandes-empresas\/#primaryimage\"},\"thumbnailUrl\":\"https:\/\/grupohedimacorporate.com\/wp-content\/uploads\/2026\/03\/Banner_Header-scaled.jpg\",\"datePublished\":\"2026-03-12T13:47:52+00:00\",\"description\":\"\u00bfC\u00f3mo implementan la IA empresas como Repsol o Santander? Analizamos las conclusiones del IA TalentDay26\",\"breadcrumb\":{\"@id\":\"https:\/\/grupohedimacorporate.com\/como-estan-formando-en-ia-las-grandes-empresas\/#breadcrumb\"},\"inLanguage\":\"es\",\"potentialAction\":[{\"@type\":\"ReadAction\",\"target\":[\"https:\/\/grupohedimacorporate.com\/como-estan-formando-en-ia-las-grandes-empresas\/\"]}]},{\"@type\":\"ImageObject\",\"inLanguage\":\"es\",\"@id\":\"https:\/\/grupohedimacorporate.com\/como-estan-formando-en-ia-las-grandes-empresas\/#primaryimage\",\"url\":\"https:\/\/grupohedimacorporate.com\/wp-content\/uploads\/2026\/03\/Banner_Header-scaled.jpg\",\"contentUrl\":\"https:\/\/grupohedimacorporate.com\/wp-content\/uploads\/2026\/03\/Banner_Header-scaled.jpg\",\"width\":2560,\"height\":1767},{\"@type\":\"BreadcrumbList\",\"@id\":\"https:\/\/grupohedimacorporate.com\/como-estan-formando-en-ia-las-grandes-empresas\/#breadcrumb\",\"itemListElement\":[{\"@type\":\"ListItem\",\"position\":1,\"name\":\"Home\",\"item\":\"https:\/\/grupohedimacorporate.com\/\"},{\"@type\":\"ListItem\",\"position\":2,\"name\":\"C\u00f3mo est\u00e1n formando en IA las grandes empresas\"}]},{\"@type\":\"WebSite\",\"@id\":\"https:\/\/grupohedimacorporate.com\/#website\",\"url\":\"https:\/\/grupohedimacorporate.com\/\",\"name\":\"Grupo Hedima Corporate L&amp;D\",\"description\":\"Learning corporativo alineado con tus objetivos de negocio.\",\"publisher\":{\"@id\":\"https:\/\/grupohedimacorporate.com\/#organization\"},\"potentialAction\":[{\"@type\":\"SearchAction\",\"target\":{\"@type\":\"EntryPoint\",\"urlTemplate\":\"https:\/\/grupohedimacorporate.com\/?s={search_term_string}\"},\"query-input\":{\"@type\":\"PropertyValueSpecification\",\"valueRequired\":true,\"valueName\":\"search_term_string\"}}],\"inLanguage\":\"es\"},{\"@type\":\"Organization\",\"@id\":\"https:\/\/grupohedimacorporate.com\/#organization\",\"name\":\"Grupo Hedima Corporate L&D\",\"url\":\"https:\/\/grupohedimacorporate.com\/\",\"logo\":{\"@type\":\"ImageObject\",\"inLanguage\":\"es\",\"@id\":\"https:\/\/grupohedimacorporate.com\/#\/schema\/logo\/image\/\",\"url\":\"https:\/\/grupohedimacorporate.com\/wp-content\/uploads\/2021\/12\/Logo_GH_v2021.png\",\"contentUrl\":\"https:\/\/grupohedimacorporate.com\/wp-content\/uploads\/2021\/12\/Logo_GH_v2021.png\",\"width\":1169,\"height\":596,\"caption\":\"Grupo Hedima Corporate L&D\"},\"image\":{\"@id\":\"https:\/\/grupohedimacorporate.com\/#\/schema\/logo\/image\/\"},\"sameAs\":[\"https:\/\/x.com\/GrupoHedimaLD\",\"https:\/\/www.linkedin.com\/company\/grupohedima-corporate\/mycompany\/?viewAsMember=true\"]},{\"@type\":\"Person\",\"@id\":\"https:\/\/grupohedimacorporate.com\/#\/schema\/person\/ccda1e79047aa48016ed15685dc2f040\",\"name\":\"Mirta Abreg\u00fa\",\"image\":{\"@type\":\"ImageObject\",\"inLanguage\":\"es\",\"@id\":\"https:\/\/grupohedimacorporate.com\/#\/schema\/person\/image\/\",\"url\":\"https:\/\/secure.gravatar.com\/avatar\/639510da0a15094e51be3d8078fb2247176cd237a6fb2b1c4c23e07d50aa8c32?s=96&d=mm&r=g\",\"contentUrl\":\"https:\/\/secure.gravatar.com\/avatar\/639510da0a15094e51be3d8078fb2247176cd237a6fb2b1c4c23e07d50aa8c32?s=96&d=mm&r=g\",\"caption\":\"Mirta Abreg\u00fa\"},\"url\":\"https:\/\/grupohedimacorporate.com\/author\/mirta\/\"}]}<\/script>\n<!-- \/ Yoast SEO plugin. -->","yoast_head_json":{"title":"C\u00f3mo est\u00e1n formando en IA las grandes empresas - Grupo Hedima Corporate L&amp;D","description":"\u00bfC\u00f3mo implementan la IA empresas como Repsol o Santander? Analizamos las conclusiones del IA TalentDay26","robots":{"index":"index","follow":"follow","max-snippet":"max-snippet:-1","max-image-preview":"max-image-preview:large","max-video-preview":"max-video-preview:-1"},"canonical":"https:\/\/grupohedimacorporate.com\/como-estan-formando-en-ia-las-grandes-empresas\/","og_locale":"es_ES","og_type":"article","og_title":"C\u00f3mo est\u00e1n formando en IA las grandes empresas - Grupo Hedima Corporate L&amp;D","og_description":"\u00bfC\u00f3mo implementan la IA empresas como Repsol o Santander? Analizamos las conclusiones del IA TalentDay26","og_url":"https:\/\/grupohedimacorporate.com\/como-estan-formando-en-ia-las-grandes-empresas\/","og_site_name":"Grupo Hedima Corporate L&amp;D","article_published_time":"2026-03-12T13:47:52+00:00","og_image":[{"width":2560,"height":1767,"url":"https:\/\/grupohedimacorporate.com\/wp-content\/uploads\/2026\/03\/Banner_Header-scaled.jpg","type":"image\/jpeg"}],"author":"Mirta Abreg\u00fa","twitter_card":"summary_large_image","twitter_creator":"@GrupoHedimaLD","twitter_site":"@GrupoHedimaLD","twitter_misc":{"Escrito por":"Mirta Abreg\u00fa","Tiempo de lectura":"4 minutos"},"schema":{"@context":"https:\/\/schema.org","@graph":[{"@type":"Article","@id":"https:\/\/grupohedimacorporate.com\/como-estan-formando-en-ia-las-grandes-empresas\/#article","isPartOf":{"@id":"https:\/\/grupohedimacorporate.com\/como-estan-formando-en-ia-las-grandes-empresas\/"},"author":{"name":"Mirta Abreg\u00fa","@id":"https:\/\/grupohedimacorporate.com\/#\/schema\/person\/ccda1e79047aa48016ed15685dc2f040"},"headline":"C\u00f3mo est\u00e1n formando en IA las grandes empresas","datePublished":"2026-03-12T13:47:52+00:00","mainEntityOfPage":{"@id":"https:\/\/grupohedimacorporate.com\/como-estan-formando-en-ia-las-grandes-empresas\/"},"wordCount":725,"commentCount":0,"publisher":{"@id":"https:\/\/grupohedimacorporate.com\/#organization"},"image":{"@id":"https:\/\/grupohedimacorporate.com\/como-estan-formando-en-ia-las-grandes-empresas\/#primaryimage"},"thumbnailUrl":"https:\/\/grupohedimacorporate.com\/wp-content\/uploads\/2026\/03\/Banner_Header-scaled.jpg","keywords":["Tendencias"],"articleSection":["Soluciones","Tendencias"],"inLanguage":"es","potentialAction":[{"@type":"CommentAction","name":"Comment","target":["https:\/\/grupohedimacorporate.com\/como-estan-formando-en-ia-las-grandes-empresas\/#respond"]}]},{"@type":"WebPage","@id":"https:\/\/grupohedimacorporate.com\/como-estan-formando-en-ia-las-grandes-empresas\/","url":"https:\/\/grupohedimacorporate.com\/como-estan-formando-en-ia-las-grandes-empresas\/","name":"C\u00f3mo est\u00e1n formando en IA las grandes empresas - Grupo Hedima Corporate L&amp;D","isPartOf":{"@id":"https:\/\/grupohedimacorporate.com\/#website"},"primaryImageOfPage":{"@id":"https:\/\/grupohedimacorporate.com\/como-estan-formando-en-ia-las-grandes-empresas\/#primaryimage"},"image":{"@id":"https:\/\/grupohedimacorporate.com\/como-estan-formando-en-ia-las-grandes-empresas\/#primaryimage"},"thumbnailUrl":"https:\/\/grupohedimacorporate.com\/wp-content\/uploads\/2026\/03\/Banner_Header-scaled.jpg","datePublished":"2026-03-12T13:47:52+00:00","description":"\u00bfC\u00f3mo implementan la IA empresas como Repsol o Santander? Analizamos las conclusiones del IA TalentDay26","breadcrumb":{"@id":"https:\/\/grupohedimacorporate.com\/como-estan-formando-en-ia-las-grandes-empresas\/#breadcrumb"},"inLanguage":"es","potentialAction":[{"@type":"ReadAction","target":["https:\/\/grupohedimacorporate.com\/como-estan-formando-en-ia-las-grandes-empresas\/"]}]},{"@type":"ImageObject","inLanguage":"es","@id":"https:\/\/grupohedimacorporate.com\/como-estan-formando-en-ia-las-grandes-empresas\/#primaryimage","url":"https:\/\/grupohedimacorporate.com\/wp-content\/uploads\/2026\/03\/Banner_Header-scaled.jpg","contentUrl":"https:\/\/grupohedimacorporate.com\/wp-content\/uploads\/2026\/03\/Banner_Header-scaled.jpg","width":2560,"height":1767},{"@type":"BreadcrumbList","@id":"https:\/\/grupohedimacorporate.com\/como-estan-formando-en-ia-las-grandes-empresas\/#breadcrumb","itemListElement":[{"@type":"ListItem","position":1,"name":"Home","item":"https:\/\/grupohedimacorporate.com\/"},{"@type":"ListItem","position":2,"name":"C\u00f3mo est\u00e1n formando en IA las grandes empresas"}]},{"@type":"WebSite","@id":"https:\/\/grupohedimacorporate.com\/#website","url":"https:\/\/grupohedimacorporate.com\/","name":"Grupo Hedima Corporate L&amp;D","description":"Learning corporativo alineado con tus objetivos de negocio.","publisher":{"@id":"https:\/\/grupohedimacorporate.com\/#organization"},"potentialAction":[{"@type":"SearchAction","target":{"@type":"EntryPoint","urlTemplate":"https:\/\/grupohedimacorporate.com\/?s={search_term_string}"},"query-input":{"@type":"PropertyValueSpecification","valueRequired":true,"valueName":"search_term_string"}}],"inLanguage":"es"},{"@type":"Organization","@id":"https:\/\/grupohedimacorporate.com\/#organization","name":"Grupo Hedima Corporate L&D","url":"https:\/\/grupohedimacorporate.com\/","logo":{"@type":"ImageObject","inLanguage":"es","@id":"https:\/\/grupohedimacorporate.com\/#\/schema\/logo\/image\/","url":"https:\/\/grupohedimacorporate.com\/wp-content\/uploads\/2021\/12\/Logo_GH_v2021.png","contentUrl":"https:\/\/grupohedimacorporate.com\/wp-content\/uploads\/2021\/12\/Logo_GH_v2021.png","width":1169,"height":596,"caption":"Grupo Hedima Corporate L&D"},"image":{"@id":"https:\/\/grupohedimacorporate.com\/#\/schema\/logo\/image\/"},"sameAs":["https:\/\/x.com\/GrupoHedimaLD","https:\/\/www.linkedin.com\/company\/grupohedima-corporate\/mycompany\/?viewAsMember=true"]},{"@type":"Person","@id":"https:\/\/grupohedimacorporate.com\/#\/schema\/person\/ccda1e79047aa48016ed15685dc2f040","name":"Mirta Abreg\u00fa","image":{"@type":"ImageObject","inLanguage":"es","@id":"https:\/\/grupohedimacorporate.com\/#\/schema\/person\/image\/","url":"https:\/\/secure.gravatar.com\/avatar\/639510da0a15094e51be3d8078fb2247176cd237a6fb2b1c4c23e07d50aa8c32?s=96&d=mm&r=g","contentUrl":"https:\/\/secure.gravatar.com\/avatar\/639510da0a15094e51be3d8078fb2247176cd237a6fb2b1c4c23e07d50aa8c32?s=96&d=mm&r=g","caption":"Mirta Abreg\u00fa"},"url":"https:\/\/grupohedimacorporate.com\/author\/mirta\/"}]}},"_links":{"self":[{"href":"https:\/\/grupohedimacorporate.com\/api\/wp\/v2\/posts\/4079","targetHints":{"allow":["GET"]}}],"collection":[{"href":"https:\/\/grupohedimacorporate.com\/api\/wp\/v2\/posts"}],"about":[{"href":"https:\/\/grupohedimacorporate.com\/api\/wp\/v2\/types\/post"}],"author":[{"embeddable":true,"href":"https:\/\/grupohedimacorporate.com\/api\/wp\/v2\/users\/6"}],"replies":[{"embeddable":true,"href":"https:\/\/grupohedimacorporate.com\/api\/wp\/v2\/comments?post=4079"}],"version-history":[{"count":28,"href":"https:\/\/grupohedimacorporate.com\/api\/wp\/v2\/posts\/4079\/revisions"}],"predecessor-version":[{"id":4127,"href":"https:\/\/grupohedimacorporate.com\/api\/wp\/v2\/posts\/4079\/revisions\/4127"}],"wp:featuredmedia":[{"embeddable":true,"href":"https:\/\/grupohedimacorporate.com\/api\/wp\/v2\/media\/4100"}],"wp:attachment":[{"href":"https:\/\/grupohedimacorporate.com\/api\/wp\/v2\/media?parent=4079"}],"wp:term":[{"taxonomy":"category","embeddable":true,"href":"https:\/\/grupohedimacorporate.com\/api\/wp\/v2\/categories?post=4079"},{"taxonomy":"post_tag","embeddable":true,"href":"https:\/\/grupohedimacorporate.com\/api\/wp\/v2\/tags?post=4079"}],"curies":[{"name":"wp","href":"https:\/\/api.w.org\/{rel}","templated":true}]}}