{"id":1422,"date":"2023-06-27T12:35:53","date_gmt":"2023-06-27T12:35:53","guid":{"rendered":"https:\/\/grupohedimacorporate.com\/?p=1422"},"modified":"2024-06-12T08:17:01","modified_gmt":"2024-06-12T08:17:01","slug":"la-formacion-y-la-excelencia-en-vithas","status":"publish","type":"post","link":"https:\/\/grupohedimacorporate.com\/la-formacion-y-la-excelencia-en-vithas\/","title":{"rendered":"El L&#038;D de Vithas en su camino a la excelencia"},"content":{"rendered":"<p><span style=\"color: #000000; font-size: 14pt;\"><strong>El grupo Hospitalario Vithas lleva m\u00e1s de 10 a\u00f1os consolid\u00e1ndose en Espa\u00f1a, en la actualidad cuenta con 20 hospitales y 36 centros m\u00e9dicos y asistenciales, sumando m\u00e1s de 10.000 trabajadores que atienden a m\u00e1s de 5 millones de pacientes en todo el territorio nacional.<\/strong><\/span><\/p>\n<p>Su lema <span style=\"color: #000000;\"><strong>\u201cVivir para cuidarte\u00bb<\/strong><\/span> sintetiza muy bien la preocupaci\u00f3n y compromiso de Vithas por la excelencia, con su puesta en valor por la vocaci\u00f3n y pasi\u00f3n de todos sus profesionales que forman parte de la compa\u00f1\u00eda. Vithas cuida a sus equipos para que puedan \u201cvivir para cuidarte\u201d.<\/p>\n<p>Un compromiso estrat\u00e9gico avalado por la acreditaci\u00f3n de calidad de mayor prestigio internacional, la <span style=\"color: #000000;\"><em>Joint Commission International<\/em><\/span>, con la que ya cuentan 3 de sus hospitales.<\/p>\n<p>Para alcanzar dicha excelencia (cl\u00ednica, de seguridad y de experiencia de cliente), uno de los pilares estrat\u00e9gicos de Vithas es el <span style=\"color: #000000;\"><strong>desarrollo del talento<\/strong><\/span>.<\/p>\n<p>Por ello hemos querido charlar con los principales responsables de la estrategia L&amp;D de la compa\u00f1\u00eda, para conocer con detalle en qu\u00e9 se basa, los objetivos que persiguen, y los resultados que est\u00e1n obteniendo: <span style=\"color: #000000;\"><strong>Eduardo Tabernero<\/strong>, director \u00c1rea Desarrollo de Talento, y <strong>Cristina Dom\u00ednguez<\/strong>, responsable de Formaci\u00f3n y Talento en Vithas<\/span>.<\/p>\n<p>A continuaci\u00f3n, os traemos la entrevista completa, tambi\u00e9n disponible en <span style=\"color: #1dacbf;\"><a title=\"\u201dV\u00eddeo\" href=\"#video_vithas\"><strong><u>versi\u00f3n v\u00eddeo.<\/u><\/strong><\/a><\/span><\/p>\n<p><img loading=\"lazy\" decoding=\"async\" class=\"aligncenter wp-image-885 size-full\" src=\"https:\/\/grupohedimacorporate.com\/wp-content\/uploads\/2023\/06\/vithas_eduardo_tabernero_cristina_dominguez_01.jpg\" alt=\"Eduardo Tabernero y Cristina Dom\u00ednguez de Vithas explican el camino a la excelencia a trav\u00e9s de la formaci\u00f3n.\" width=\"1000\" height=\"523\" \/><\/p>\n<h3 style=\"text-align: left;\"><span style=\"color: #000000;\"><strong>\u00bfQu\u00e9 papel juega el desarrollo del talento en vuestra estrategia de calidad?<\/strong><\/span><\/h3>\n<p style=\"padding-left: 40px; color: #000000; font-size: 13pt;\"><u>Eduardo<\/u>: En Vithas seguimos el compromiso de certificaci\u00f3n en <em>Joint Commission<\/em>, cuyo objetivo es garantizar los est\u00e1ndares de calidad y seguridad a nivel global. Contamos con varios hospitales acreditados por la <em>Joint Commission International<\/em> y con la acreditaci\u00f3n oficial a la excelencia m\u00e1s prestigiosa en el \u00e1mbito sanitario, la <em>Joint Commission Enterprise<\/em> (JCE). Nuestro papel en el desarrollo del talento es fundamental en este objetivo, pues <strong>garantizamos los procedimientos y los procesos de talento en toda la compa\u00f1\u00eda<\/strong>. Asegur\u00e1ndonos de que se aplican de la misma manera, y que son consistentes y coherentes.<\/p>\n<p style=\"padding-left: 40px; color: #000000; font-size: 13pt;\">Adem\u00e1s, implementamos el proceso de evaluaci\u00f3n del desempe\u00f1o digitalizado hace unos 3 o 4 a\u00f1os utilizando SAP Success Factors. Es un proceso bien estructurado, coherente y contamos con una aplicaci\u00f3n Inter compa\u00f1\u00eda segura.<\/p>\n<p style=\"padding-left: 40px; color: #000000; font-size: 13pt;\">Durante el a\u00f1o 2023 estamos potenciando los procesos de selecci\u00f3n y el proceso de acogida que, junto con el anterior, son los <strong>3 procesos principales de fidelizaci\u00f3n de talento<\/strong>: la captaci\u00f3n, el desarrollo una vez que forman parte de la organizaci\u00f3n y, la acogida, la cual es fundamental para nosotros.<\/p>\n<p style=\"padding-left: 40px; color: #000000; font-size: 13pt;\"><em>Joint Commission<\/em> pone mucho hincapi\u00e9 en estos 3 procesos y nosotros hemos tratado de potenciarlos incorpor\u00e1ndolos al plan de formaci\u00f3n. En el plan incorporamos una serie de acciones y formaciones transversales, que impactan en toda la compa\u00f1\u00eda y tienen que ver precisamente con estos 3 procesos.<\/p>\n<p style=\"padding-left: 40px; color: #000000; font-size: 13pt;\">En este momento estamos desarrollando 2 acciones formativas que tienen que ver con el aspecto de la selecci\u00f3n. Es una acci\u00f3n formativa dirigida a garantizar que la selecci\u00f3n, as\u00ed como la acogida, se realice de manera homog\u00e9nea, con una misma visi\u00f3n, en toda la compa\u00f1\u00eda. Incluso desde antes de ser contratado.<\/p>\n<p style=\"padding-left: 40px; color: #000000; font-size: 13pt;\">Creo que <strong>el desarrollo del talento es fundamental<\/strong>, y se logra a trav\u00e9s de procesos de evaluaci\u00f3n de desempe\u00f1o. Adem\u00e1s, respaldamos la adquisici\u00f3n de talento y facilitamos el proceso de incorporaci\u00f3n mediante la digitalizaci\u00f3n de estos dos procesos.<\/p>\n<p><img loading=\"lazy\" decoding=\"async\" class=\"aligncenter wp-image-885 size-full\" src=\"https:\/\/grupohedimacorporate.com\/wp-content\/uploads\/2023\/06\/vithas_eduardo_tabernero_01.jpg\" alt=\"Eduardo Tabernero de Vithas habla sobre el papel de la formaci\u00f3n en el desarrollo del talento.\" width=\"1000\" height=\"523\" \/><\/p>\n<h3 style=\"text-align: left;\"><span style=\"color: #000000;\"><strong>\u00bfC\u00f3mo med\u00eds los logros en vuestro camino a la excelencia?<\/strong><\/span><\/h3>\n<p style=\"padding-left: 40px; color: #000000; font-size: 13pt;\"><u>Cristina<\/u>: Dentro del camino a la excelencia tenemos varios indicadores, aunque uno de los principales KPI\u2019s que utilizamos en Vithas es el NPS (<em>Net Promoter Score<\/em>).<\/p>\n<p style=\"padding-left: 40px; color: #000000; font-size: 13pt;\"><strong>El NPS nos permite medir el \u00edndice de satisfacci\u00f3n de nuestros pacientes<\/strong> respecto de los servicios que ofrecemos en Vithas. Adem\u00e1s, con este indicador desarrollamos internamente muchas acciones formativas para ir reforzando la experiencia al paciente <strong>y la experiencia de nuestros empleados<\/strong>. Es el segundo indicador interno en el que m\u00e1s apostamos desde el \u00e1rea de talento, porque como siempre decimos, tenemos que saber cuidar a nuestros trabajadores para que ellos mismos, luego cuiden a nuestros pacientes.<\/p>\n<p>&nbsp;<\/p>\n<p style=\"text-align: center; color: #1dacbf; font-size: 23pt;\"><strong>\u00abNosotros en recursos humanos siempre decimos que para que haya experiencia del paciente, primero tiene que haber experiencia del empleado\u00bb<\/strong><\/p>\n<p>&nbsp;<\/p>\n<h3 style=\"text-align: left;\"><span style=\"color: #000000;\"><strong>\u00bfQu\u00e9 novedades hab\u00e9is incorporado en vuestro Plan de Formaci\u00f3n?<\/strong><\/span><\/h3>\n<p style=\"padding-left: 40px; color: #000000; font-size: 13pt;\"><u>Eduardo<\/u>: Las principales novedades que hemos incorporado en los \u00faltimos a\u00f1os son aquellas <strong>acciones formativas dirigidas a desarrollar habilidades<\/strong> entre los diferentes perfiles profesionales.<\/p>\n<p style=\"padding-left: 40px; color: #000000; font-size: 13pt;\">Principalmente hemos incorporado 2 programas: el programa <strong>\u00abE-lidera\u00bb, un programa de Desarrollo en Liderazgo para la Gesti\u00f3n de Enfermer\u00eda<\/strong>. El enfoque principal de este programa se centra en fortalecer en un 70% las habilidades de gesti\u00f3n y liderazgo de nuestros actuales mandos intermedios y directivos. No obstante, tambi\u00e9n nos enfocamos en fomentar entre los potenciales mandos intermedios y futuros directivos ese modelo de liderazgo que deseamos implementar, un liderazgo inclusivo e integrador, basado en la comunicaci\u00f3n y en la cercan\u00eda de la persona.<\/p>\n<p style=\"padding-left: 40px; color: #000000; font-size: 13pt;\">Tambi\u00e9n hemos dise\u00f1ado este a\u00f1o, el <strong>programa de Gesti\u00f3n Asistencial M\u00e9dico<\/strong> que estamos dirigiendo tanto a coordinadores o jefes de servicio como a directivos, con la misma finalidad: hablar de nuestro liderazgo, de la manera de pensar de Vithas, nuestra cultura, y proporcionar los \u00faltimos tips en el mercado de la gesti\u00f3n m\u00e9dica.<\/p>\n<p style=\"padding-left: 40px; color: #000000; font-size: 13pt;\">En resumen, te dir\u00eda que la novedad es que estamos utilizando el <strong>plan de formaci\u00f3n<\/strong> de una manera <strong>transversal en toda la compa\u00f1\u00eda para garantizar el soporte de la nueva cultura de Vithas<\/strong>. Un plan formativo muy focalizado en liderazgo, en habilidades de gesti\u00f3n, en las <em>softskills<\/em>, y la gesti\u00f3n de equipos. Con el fin de que nuestra gente, nuestros equipos directivos y, en general, toda la compa\u00f1\u00eda, nos alineemos en esta nueva manera de pensar.<\/p>\n<p>&nbsp;<\/p>\n<h3 style=\"text-align: left;\"><span style=\"color: #000000;\"><strong>\u00bfQu\u00e9 resultados est\u00e1is obteniendo en L&amp;D?<\/strong><\/span><\/h3>\n<p style=\"padding-left: 40px; color: #000000; font-size: 13pt;\"><u>Cristina<\/u>: En el a\u00f1o 2022 hemos conseguido hacer m\u00e1s de 67.000 horas de formaci\u00f3n, de las cuales el 50% fueron destinadas a habilidades. Adem\u00e1s, participaron m\u00e1s de 13.000 profesionales dentro de la casa, lo que supone un incremento del 45% respecto al 2021.<\/p>\n<p style=\"padding-left: 40px; color: #000000; font-size: 13pt;\">Otro resultado relevante ha sido que, dentro del cr\u00e9dito presupuestario que tenemos en el \u00e1rea formativa, <strong>aprovechamos pr\u00e1cticamente el 100% del presupuesto<\/strong> destinado.<\/p>\n<p><img loading=\"lazy\" decoding=\"async\" class=\"aligncenter wp-image-885 size-full\" src=\"https:\/\/grupohedimacorporate.com\/wp-content\/uploads\/2023\/06\/vithas_cristina_dominguez_01.jpg\" alt=\"Cristina Dom\u00ednguez de Vithas explica c\u00f3mo Grupo Hedima Corporate L&amp;D les ayuda a ser \u00e1giles y eficaces.\" width=\"1000\" height=\"523\" \/><\/p>\n<h3 style=\"text-align: left;\"><span style=\"color: #000000;\"><strong>\u00bfQu\u00e9 retos tiene el departamento de L&amp;D de Vithas en la actualidad?<\/strong><\/span><\/h3>\n<p style=\"padding-left: 40px; color: #000000; font-size: 13pt;\"><u>Eduardo<\/u>: Las dificultades que nos pueden ocasionar la innovaci\u00f3n y el avance tecnol\u00f3gico en un sector como el de la salud, y en concreto en Vithas, son importantes.<\/p>\n<p style=\"padding-left: 40px; color: #000000; font-size: 13pt;\">Una de las principales iniciativas que estamos teniendo en los \u00faltimos a\u00f1os es <strong>asumir un proceso de transformaci\u00f3n de la compa\u00f1\u00eda<\/strong> y un proceso de integraci\u00f3n de procedimientos. Para ello estamos digitalizando todo este avance con la herramienta SAP.<\/p>\n<p style=\"padding-left: 40px; color: #000000; font-size: 13pt;\">Esto est\u00e1 implicando unos retos importantes para la organizaci\u00f3n, que desde el \u00e1rea de talento estamos superando, gracias a la <strong>capacitaci\u00f3n en gesti\u00f3n de proyectos y en integraci\u00f3n digital.<\/strong><\/p>\n<p style=\"padding-left: 40px; color: #000000; font-size: 13pt;\">Contamos con la ayuda de nuestro partner GHCLD para poder garantizar que estos procesos y formaci\u00f3n est\u00e9n 100% actualizados en el sector.<\/p>\n<p style=\"padding-left: 40px; color: #000000; font-size: 13pt;\">Por otro lado, nos encontramos tambi\u00e9n frente a un proceso de transformaci\u00f3n e integraci\u00f3n cultural, que salvamos con proyectos en formaci\u00f3n en valores, en liderazgo, calidad, etc. Todo un abanico de posibilidades para acompa\u00f1ar al negocio en su proceso de cambio, transformaci\u00f3n y posterior digitalizaci\u00f3n.<\/p>\n<p>&nbsp;<\/p>\n<h3 style=\"text-align: left;\"><span style=\"color: #000000;\"><strong>\u00bfQu\u00e9 papel juega GHCLD en vuestro d\u00eda a d\u00eda?<\/strong><\/span><\/h3>\n<p style=\"padding-left: 40px; color: #000000; font-size: 13pt;\"><u>Cristina<\/u>: Para Vithas es fundamental trabajar de la mano con Grupo Hedima, participando en todo el proceso.<\/p>\n<p style=\"padding-left: 40px; color: #000000; font-size: 13pt;\">En este caso, GHCLD nos ayuda con la gesti\u00f3n del plan de formaci\u00f3n anual, la planificaci\u00f3n y ejecuci\u00f3n del mismo durante el a\u00f1o, y con todo el desarrollo de contenidos nuevos para <strong>seguir aportando valor<\/strong> dentro en la l\u00ednea formativa que llevamos en el \u00e1rea de talento.<\/p>\n<p style=\"padding-left: 40px; color: #000000; font-size: 13pt;\">Adem\u00e1s, llevamos muchos a\u00f1os trabajando juntos y hemos generado una confianza absoluta en ellos. Contamos con un servicio BPO de gesti\u00f3n integral, con 3 personas que nos ayudan en toda la gesti\u00f3n y planificaci\u00f3n, haciendo de interlocutores directos de nuestros compa\u00f1eros que est\u00e1n en los diferentes hospitales.<\/p>\n<p style=\"padding-left: 40px; color: #000000; font-size: 13pt;\">Gracias a Grupo Hedima podemos ser \u00e1giles y eficaces en nuestro d\u00eda a d\u00eda, pudiendo gestionar todos y cada uno de los planes formativos que tenemos dentro de la compa\u00f1\u00eda.<\/p>\n<p>&nbsp;<\/p>\n<p style=\"text-align: center; color: #1dacbf; font-size: 23pt;\"><strong>\u00abGracias a Grupo Hedima podemos ser \u00e1giles y eficaces en nuestro d\u00eda a d\u00eda\u00bb<\/strong><\/p>\n<p>&nbsp;<\/p>\n<h3 style=\"text-align: left;\"><span style=\"color: #000000;\"><strong>Seg\u00fan los objetivos de Vithas \u00bfqu\u00e9 nuevos retos propon\u00e9is a GHCLD?<\/strong><\/span><\/h3>\n<p style=\"padding-left: 40px; color: #000000; font-size: 13pt;\"><u>Eduardo<\/u>: Nuestro principal objetivo en la actualidad es llegar a nuestros perfiles profesionales clave, los perfiles de enfermer\u00eda. Para los cuales estamos desarrollando una carrera profesional basada en los itinerarios formativos t\u00e9cnicos de especializaci\u00f3n. Itinerarios que ya est\/amos desarrollando con vosotros, pero cuyo cat\u00e1logo vamos a <strong>reforzar y potenciar alrededor de las competencias t\u00e9cnicas de la enfermera<strong> y a partir de ese elemento com\u00fan que es la cultura de Vithas. Por lo que el nuevo reto en el que estamos sumergidos es construir el resto de los elementos que conformar\u00e1n esta carrera.<\/strong><\/strong><\/p>\n<p style=\"padding-left: 40px; color: #000000; font-size: 13pt;\">Este es el objetivo para el 2023 y que pondremos en marcha durante el 2024. Esto es para Vithas el punto m\u00e1s importante en talento en este momento.<\/p>\n<p>&nbsp;<\/p>\n<p id=\"video_vithas\"><span style=\"color: #000000;\"><strong>Puedes ver la entrevista aqu\u00ed:<\/strong><\/span><\/p>\n<p><iframe loading=\"lazy\" title=\"YouTube video player\" src=\"https:\/\/www.youtube.com\/embed\/Q9zYdR_r2Bk\" width=\"950\" height=\"534\" frameborder=\"0\" allowfullscreen=\"allowfullscreen\"><\/iframe><\/p>\n<p>&nbsp;<\/p>\n<p><span style=\"color: #000000;\"><strong>Links de inter\u00e9s<\/strong><\/span><\/p>\n<p><span style=\"color: #1dacbf;\"><a href=\"https:\/\/vithas.es\/\" target=\"_blank\" rel=\"noopener\"><strong><u>Grupo Hospitalario Vithas<\/u><\/strong><\/a><\/span><br \/>\n<span style=\"color: #1dacbf;\"><a href=\"https:\/\/grupohedimacorporate.com\/servicios\/learning-hub\/\" target=\"_blank\" rel=\"noopener\"><strong><u>Virtagora Learning Hub<\/u><\/strong><\/a><\/span><\/p>\n\n<div class=\"wpcf7 no-js\" id=\"wpcf7-f410-o1\" lang=\"en-US\" dir=\"ltr\" data-wpcf7-id=\"410\">\n<div class=\"screen-reader-response\"><p role=\"status\" aria-live=\"polite\" aria-atomic=\"true\"><\/p> <ul><\/ul><\/div>\n<form action=\"\/api\/wp\/v2\/posts\/1422#wpcf7-f410-o1\" method=\"post\" class=\"wpcf7-form init\" aria-label=\"Contact form\" novalidate=\"novalidate\" data-status=\"init\">\n<fieldset class=\"hidden-fields-container\"><input type=\"hidden\" name=\"_wpcf7\" value=\"410\" \/><input type=\"hidden\" name=\"_wpcf7_version\" value=\"6.1.2\" \/><input type=\"hidden\" name=\"_wpcf7_locale\" value=\"en_US\" \/><input type=\"hidden\" name=\"_wpcf7_unit_tag\" value=\"wpcf7-f410-o1\" \/><input type=\"hidden\" name=\"_wpcf7_container_post\" value=\"0\" \/><input type=\"hidden\" name=\"_wpcf7_posted_data_hash\" value=\"\" \/><input type=\"hidden\" name=\"_wpcf7_recaptcha_response\" value=\"\" \/>\n<\/fieldset>\n<h3>Si quieres saber m\u00e1s sobre alguno de los temas expuestos no dudes en consultarnos.\n<\/h3>\n<div class=\"row\">\n\t<div class=\"col-sm-2 col-1\">\n\t\t<div class=\"contact-input\">\n\t\t\t<div class=\"contact-input-label\">\n\t\t\t\t<p>Nombre<span>*<\/span>\n\t\t\t\t<\/p>\n\t\t\t<\/div>\n\t\t\t<p><span class=\"wpcf7-form-control-wrap\" data-name=\"first-name\"><input size=\"40\" maxlength=\"400\" class=\"wpcf7-form-control wpcf7-text wpcf7-validates-as-required\" aria-required=\"true\" aria-invalid=\"false\" value=\"\" type=\"text\" name=\"first-name\" \/><\/span>\n\t\t\t<\/p>\n\t\t<\/div>\n\t\t<div class=\"contact-input\">\n\t\t\t<div class=\"contact-input-label\">\n\t\t\t\t<p>Correo electr\u00f3nico<span>*<\/span>\n\t\t\t\t<\/p>\n\t\t\t<\/div>\n\t\t\t<p><span class=\"wpcf7-form-control-wrap\" data-name=\"email\"><input size=\"40\" maxlength=\"400\" class=\"wpcf7-form-control wpcf7-email wpcf7-validates-as-required wpcf7-text wpcf7-validates-as-email\" aria-required=\"true\" aria-invalid=\"false\" value=\"\" type=\"email\" name=\"email\" \/><\/span>\n\t\t\t<\/p>\n\t\t<\/div>\n\t\t<div class=\"contact-input\">\n\t\t\t<div class=\"contact-input-label\">\n\t\t\t\t<p>Empresa<span><\/span>\n\t\t\t\t<\/p>\n\t\t\t<\/div>\n\t\t\t<p><span class=\"wpcf7-form-control-wrap\" data-name=\"company\"><input size=\"40\" maxlength=\"400\" class=\"wpcf7-form-control wpcf7-text\" aria-invalid=\"false\" value=\"\" type=\"text\" name=\"company\" \/><\/span>\n\t\t\t<\/p>\n\t\t<\/div>\n\t<\/div>\n\t<div class=\"col-sm-2 col-1\">\n\t\t<div class=\"contact-input\">\n\t\t\t<div class=\"contact-input-label\">\n\t\t\t\t<p>Apellidos<span>*<\/span>\n\t\t\t\t<\/p>\n\t\t\t<\/div>\n\t\t\t<p><span class=\"wpcf7-form-control-wrap\" data-name=\"last_name\"><input size=\"40\" maxlength=\"400\" class=\"wpcf7-form-control wpcf7-text wpcf7-validates-as-required\" aria-required=\"true\" aria-invalid=\"false\" value=\"\" type=\"text\" name=\"last_name\" \/><\/span>\n\t\t\t<\/p>\n\t\t<\/div>\n\t\t<div class=\"contact-input\">\n\t\t\t<div class=\"contact-input-label\">\n\t\t\t\t<p>Tel\u00e9fono\n\t\t\t\t<\/p>\n\t\t\t<\/div>\n\t\t\t<p><span class=\"wpcf7-form-control-wrap\" data-name=\"tel\"><input size=\"40\" maxlength=\"400\" class=\"wpcf7-form-control wpcf7-tel wpcf7-text wpcf7-validates-as-tel\" aria-invalid=\"false\" value=\"\" type=\"tel\" name=\"tel\" \/><\/span>\n\t\t\t<\/p>\n\t\t<\/div>\n\t\t<div class=\"contact-input\">\n\t\t\t<div class=\"contact-input-label\">\n\t\t\t\t<p>Pa\u00eds<span><\/span>\n\t\t\t\t<\/p>\n\t\t\t<\/div>\n\t\t\t<p><span class=\"wpcf7-form-control-wrap\" data-name=\"country\"><input size=\"40\" maxlength=\"400\" class=\"wpcf7-form-control wpcf7-text\" aria-invalid=\"false\" value=\"\" type=\"text\" name=\"country\" \/><\/span>\n\t\t\t<\/p>\n\t\t<\/div>\n\t<\/div>\n<\/div>\n<h4>Mensaje\n<\/h4>\n<p><span class=\"wpcf7-form-control-wrap\" data-name=\"message\"><textarea cols=\"40\" rows=\"10\" maxlength=\"2000\" class=\"wpcf7-form-control wpcf7-textarea\" aria-invalid=\"false\" name=\"message\"><\/textarea><\/span>\n<\/p>\n<div class=\"check\">\n\t<p><b>T\u00e9rminos legales<span>*<\/span><\/b>\n\t<\/p>\n\t<p><span class=\"wpcf7-form-control-wrap\" data-name=\"privacy\"><span class=\"wpcf7-form-control wpcf7-acceptance\"><span class=\"wpcf7-list-item\"><input type=\"checkbox\" name=\"privacy\" value=\"1\" aria-invalid=\"false\" \/><\/span><\/span><\/span> Acepto los t\u00e9rminos descritos en el <a href=\"https:\/\/www.grupohedima.com\/aviso-legal\/\" target=\"_blank\"><span style=\"color:#049BAA\">Aviso Legal<span\/><\/span><\/span><\/a> y la <a href=\"https:\/\/www.grupohedima.com\/politica-privacidad\/\" target=\"_blank\"><span style=\"color:#049BAA\">Pol\u00edtica de Privacidad.<span\/><\/span><\/span><\/a>\n\t<\/p>\n<\/div>\n<div class=\"check\">\n<\/div>\n<div class=\"check\">\n\t<p><b>Recibir informaci\u00f3n de nuestros servicios, productos y eventos.<span>*<\/span><\/b>\n\t<\/p>\n\t<p><span class=\"wpcf7-form-control-wrap\" data-name=\"mkt_camp\"><span class=\"wpcf7-form-control wpcf7-checkbox wpcf7-validates-as-required wpcf7-exclusive-checkbox\"><span class=\"wpcf7-list-item first\"><input type=\"checkbox\" name=\"mkt_camp\" value=\"S\u00cd\" checked=\"checked\" \/><span class=\"wpcf7-list-item-label\">S\u00cd<\/span><\/span><span class=\"wpcf7-list-item last\"><input type=\"checkbox\" name=\"mkt_camp\" value=\"NO\" \/><span class=\"wpcf7-list-item-label\">NO<\/span><\/span><\/span><\/span>\n\t<\/p>\n<\/div>\n<div class=\"check\">\n<\/div>\n<span class=\"wpcf7-form-control-wrap recaptcha\" data-name=\"recaptcha\"><span data-sitekey=\"6LdK0Z8dAAAAAORlODp8MnltbBnKUU8Kzs24aY2g\" class=\"wpcf7-form-control wpcf7-recaptcha g-recaptcha\"><\/span>\r\n<noscript>\r\n\t<div class=\"grecaptcha-noscript\">\r\n\t\t<iframe loading=\"lazy\" src=\"https:\/\/www.google.com\/recaptcha\/api\/fallback?k=6LdK0Z8dAAAAAORlODp8MnltbBnKUU8Kzs24aY2g\" frameborder=\"0\" scrolling=\"no\" width=\"310\" height=\"430\">\r\n\t\t<\/iframe>\r\n\t\t<textarea name=\"g-recaptcha-response\" rows=\"3\" cols=\"40\" placeholder=\"reCaptcha Response Here\">\r\n\t\t<\/textarea>\r\n\t<\/div>\r\n<\/noscript>\r\n<\/span>\n<p><input class=\"wpcf7-form-control wpcf7-submit has-spinner\" type=\"submit\" value=\"\u00a1Cons\u00faltanos!\" \/>\n<\/p>\n<div class=\"contact-input\" style=\"display:none\">\n\t<p><span class=\"wpcf7-form-control-wrap\" data-name=\"origin\"><input size=\"40\" maxlength=\"400\" class=\"wpcf7-form-control wpcf7-text\" aria-invalid=\"false\" value=\"\" type=\"text\" name=\"origin\" \/><\/span>\n\t<\/p>\n<\/div><div class=\"wpcf7-response-output\" aria-hidden=\"true\"><\/div>\n<\/form>\n<\/div>\n\n","protected":false},"excerpt":{"rendered":"<p>El grupo Hospitalario Vithas lleva m\u00e1s de 10 a\u00f1os consolid\u00e1ndose en Espa\u00f1a, en la actualidad cuenta con 20 hospitales y 36 centros m\u00e9dicos y asistenciales, sumando m\u00e1s de 10.000 trabajadores que atienden a m\u00e1s de 5 millones de pacientes en todo el territorio nacional. Su lema \u201cVivir para cuidarte\u00bb sintetiza muy bien la preocupaci\u00f3n y [&hellip;]<\/p>\n","protected":false},"author":2,"featured_media":1438,"comment_status":"open","ping_status":"open","sticky":false,"template":"","format":"standard","meta":{"_acf_changed":false,"footnotes":""},"categories":[15],"tags":[9],"class_list":["post-1422","post","type-post","status-publish","format-standard","has-post-thumbnail","hentry","category-experiencias","tag-experiencias"],"acf":[],"yoast_head":"<!-- This site is optimized with the Yoast SEO plugin v26.2 - https:\/\/yoast.com\/wordpress\/plugins\/seo\/ -->\n<title>El L&amp;D de Vithas en su camino a la excelencia - Grupo Hedima Corporate L&amp;D<\/title>\n<meta name=\"description\" content=\"Formaci\u00f3n y desarrollo: Una estrategia L&amp;D de autoaprendizaje que mejora la competitividad y fideliza el talento.\" \/>\n<meta name=\"robots\" content=\"index, follow, max-snippet:-1, max-image-preview:large, max-video-preview:-1\" \/>\n<link rel=\"canonical\" href=\"https:\/\/grupohedimacorporate.com\/la-formacion-y-la-excelencia-en-vithas\/\" \/>\n<meta property=\"og:locale\" content=\"es_ES\" \/>\n<meta property=\"og:type\" content=\"article\" \/>\n<meta property=\"og:title\" content=\"El L&amp;D de Vithas en su camino a la excelencia - Grupo Hedima Corporate L&amp;D\" \/>\n<meta property=\"og:description\" content=\"Formaci\u00f3n y desarrollo: Una estrategia L&amp;D de autoaprendizaje que mejora la competitividad y fideliza el talento.\" \/>\n<meta property=\"og:url\" content=\"https:\/\/grupohedimacorporate.com\/la-formacion-y-la-excelencia-en-vithas\/\" \/>\n<meta property=\"og:site_name\" content=\"Grupo Hedima Corporate L&amp;D\" \/>\n<meta property=\"article:published_time\" content=\"2023-06-27T12:35:53+00:00\" \/>\n<meta property=\"article:modified_time\" content=\"2024-06-12T08:17:01+00:00\" \/>\n<meta property=\"og:image\" content=\"https:\/\/grupohedimacorporate.com\/wp-content\/uploads\/2023\/06\/Vithas_Banner_Header_02-scaled.jpg\" \/>\n\t<meta property=\"og:image:width\" content=\"2560\" \/>\n\t<meta property=\"og:image:height\" content=\"1767\" \/>\n\t<meta property=\"og:image:type\" content=\"image\/jpeg\" \/>\n<meta name=\"author\" content=\"Ovidi Fern\u00e1ndez\" \/>\n<meta name=\"twitter:card\" content=\"summary_large_image\" \/>\n<meta name=\"twitter:creator\" content=\"@GrupoHedimaLD\" \/>\n<meta name=\"twitter:site\" content=\"@GrupoHedimaLD\" \/>\n<meta name=\"twitter:label1\" content=\"Escrito por\" \/>\n\t<meta name=\"twitter:data1\" content=\"Ovidi Fern\u00e1ndez\" \/>\n\t<meta name=\"twitter:label2\" content=\"Tiempo de lectura\" \/>\n\t<meta name=\"twitter:data2\" content=\"8 minutos\" \/>\n<script type=\"application\/ld+json\" class=\"yoast-schema-graph\">{\"@context\":\"https:\/\/schema.org\",\"@graph\":[{\"@type\":\"Article\",\"@id\":\"https:\/\/grupohedimacorporate.com\/la-formacion-y-la-excelencia-en-vithas\/#article\",\"isPartOf\":{\"@id\":\"https:\/\/grupohedimacorporate.com\/la-formacion-y-la-excelencia-en-vithas\/\"},\"author\":{\"name\":\"Ovidi Fern\u00e1ndez\",\"@id\":\"https:\/\/grupohedimacorporate.com\/#\/schema\/person\/d799de0faae43934e0535e76f6e11fe3\"},\"headline\":\"El L&#038;D de Vithas en su camino a la excelencia\",\"datePublished\":\"2023-06-27T12:35:53+00:00\",\"dateModified\":\"2024-06-12T08:17:01+00:00\",\"mainEntityOfPage\":{\"@id\":\"https:\/\/grupohedimacorporate.com\/la-formacion-y-la-excelencia-en-vithas\/\"},\"wordCount\":1609,\"commentCount\":0,\"publisher\":{\"@id\":\"https:\/\/grupohedimacorporate.com\/#organization\"},\"image\":{\"@id\":\"https:\/\/grupohedimacorporate.com\/la-formacion-y-la-excelencia-en-vithas\/#primaryimage\"},\"thumbnailUrl\":\"https:\/\/grupohedimacorporate.com\/wp-content\/uploads\/2023\/06\/Vithas_Banner_Header_02-scaled.jpg\",\"keywords\":[\"Experiencias\"],\"articleSection\":[\"Experiencias\"],\"inLanguage\":\"es\",\"potentialAction\":[{\"@type\":\"CommentAction\",\"name\":\"Comment\",\"target\":[\"https:\/\/grupohedimacorporate.com\/la-formacion-y-la-excelencia-en-vithas\/#respond\"]}]},{\"@type\":\"WebPage\",\"@id\":\"https:\/\/grupohedimacorporate.com\/la-formacion-y-la-excelencia-en-vithas\/\",\"url\":\"https:\/\/grupohedimacorporate.com\/la-formacion-y-la-excelencia-en-vithas\/\",\"name\":\"El L&D de Vithas en su camino a la excelencia - Grupo Hedima Corporate L&amp;D\",\"isPartOf\":{\"@id\":\"https:\/\/grupohedimacorporate.com\/#website\"},\"primaryImageOfPage\":{\"@id\":\"https:\/\/grupohedimacorporate.com\/la-formacion-y-la-excelencia-en-vithas\/#primaryimage\"},\"image\":{\"@id\":\"https:\/\/grupohedimacorporate.com\/la-formacion-y-la-excelencia-en-vithas\/#primaryimage\"},\"thumbnailUrl\":\"https:\/\/grupohedimacorporate.com\/wp-content\/uploads\/2023\/06\/Vithas_Banner_Header_02-scaled.jpg\",\"datePublished\":\"2023-06-27T12:35:53+00:00\",\"dateModified\":\"2024-06-12T08:17:01+00:00\",\"description\":\"Formaci\u00f3n y desarrollo: Una estrategia L&D de autoaprendizaje que mejora la competitividad y fideliza el talento.\",\"breadcrumb\":{\"@id\":\"https:\/\/grupohedimacorporate.com\/la-formacion-y-la-excelencia-en-vithas\/#breadcrumb\"},\"inLanguage\":\"es\",\"potentialAction\":[{\"@type\":\"ReadAction\",\"target\":[\"https:\/\/grupohedimacorporate.com\/la-formacion-y-la-excelencia-en-vithas\/\"]}]},{\"@type\":\"ImageObject\",\"inLanguage\":\"es\",\"@id\":\"https:\/\/grupohedimacorporate.com\/la-formacion-y-la-excelencia-en-vithas\/#primaryimage\",\"url\":\"https:\/\/grupohedimacorporate.com\/wp-content\/uploads\/2023\/06\/Vithas_Banner_Header_02-scaled.jpg\",\"contentUrl\":\"https:\/\/grupohedimacorporate.com\/wp-content\/uploads\/2023\/06\/Vithas_Banner_Header_02-scaled.jpg\",\"width\":2560,\"height\":1767,\"caption\":\"Grupo Hedima Corporate L&D ayuda decisivamente a Vithas en su estrategia de formaci\u00f3n.\"},{\"@type\":\"BreadcrumbList\",\"@id\":\"https:\/\/grupohedimacorporate.com\/la-formacion-y-la-excelencia-en-vithas\/#breadcrumb\",\"itemListElement\":[{\"@type\":\"ListItem\",\"position\":1,\"name\":\"Home\",\"item\":\"https:\/\/grupohedimacorporate.com\/\"},{\"@type\":\"ListItem\",\"position\":2,\"name\":\"El L&#038;D de Vithas en su camino a la excelencia\"}]},{\"@type\":\"WebSite\",\"@id\":\"https:\/\/grupohedimacorporate.com\/#website\",\"url\":\"https:\/\/grupohedimacorporate.com\/\",\"name\":\"Grupo Hedima Corporate L&amp;D\",\"description\":\"Learning corporativo alineado con tus objetivos de negocio.\",\"publisher\":{\"@id\":\"https:\/\/grupohedimacorporate.com\/#organization\"},\"potentialAction\":[{\"@type\":\"SearchAction\",\"target\":{\"@type\":\"EntryPoint\",\"urlTemplate\":\"https:\/\/grupohedimacorporate.com\/?s={search_term_string}\"},\"query-input\":{\"@type\":\"PropertyValueSpecification\",\"valueRequired\":true,\"valueName\":\"search_term_string\"}}],\"inLanguage\":\"es\"},{\"@type\":\"Organization\",\"@id\":\"https:\/\/grupohedimacorporate.com\/#organization\",\"name\":\"Grupo Hedima Corporate L&D\",\"url\":\"https:\/\/grupohedimacorporate.com\/\",\"logo\":{\"@type\":\"ImageObject\",\"inLanguage\":\"es\",\"@id\":\"https:\/\/grupohedimacorporate.com\/#\/schema\/logo\/image\/\",\"url\":\"https:\/\/grupohedimacorporate.com\/wp-content\/uploads\/2021\/12\/Logo_GH_v2021.png\",\"contentUrl\":\"https:\/\/grupohedimacorporate.com\/wp-content\/uploads\/2021\/12\/Logo_GH_v2021.png\",\"width\":1169,\"height\":596,\"caption\":\"Grupo Hedima Corporate L&D\"},\"image\":{\"@id\":\"https:\/\/grupohedimacorporate.com\/#\/schema\/logo\/image\/\"},\"sameAs\":[\"https:\/\/x.com\/GrupoHedimaLD\",\"https:\/\/www.linkedin.com\/company\/grupohedima-corporate\/mycompany\/?viewAsMember=true\"]},{\"@type\":\"Person\",\"@id\":\"https:\/\/grupohedimacorporate.com\/#\/schema\/person\/d799de0faae43934e0535e76f6e11fe3\",\"name\":\"Ovidi Fern\u00e1ndez\",\"image\":{\"@type\":\"ImageObject\",\"inLanguage\":\"es\",\"@id\":\"https:\/\/grupohedimacorporate.com\/#\/schema\/person\/image\/\",\"url\":\"https:\/\/secure.gravatar.com\/avatar\/df9da814332d40a73df1760651689fd2014b36131f051e4ca5623be4f536ebbb?s=96&d=mm&r=g\",\"contentUrl\":\"https:\/\/secure.gravatar.com\/avatar\/df9da814332d40a73df1760651689fd2014b36131f051e4ca5623be4f536ebbb?s=96&d=mm&r=g\",\"caption\":\"Ovidi Fern\u00e1ndez\"},\"url\":\"https:\/\/grupohedimacorporate.com\/author\/ofernandez\/\"}]}<\/script>\n<!-- \/ Yoast SEO plugin. -->","yoast_head_json":{"title":"El L&D de Vithas en su camino a la excelencia - Grupo Hedima Corporate L&amp;D","description":"Formaci\u00f3n y desarrollo: Una estrategia L&D de autoaprendizaje que mejora la competitividad y fideliza el talento.","robots":{"index":"index","follow":"follow","max-snippet":"max-snippet:-1","max-image-preview":"max-image-preview:large","max-video-preview":"max-video-preview:-1"},"canonical":"https:\/\/grupohedimacorporate.com\/la-formacion-y-la-excelencia-en-vithas\/","og_locale":"es_ES","og_type":"article","og_title":"El L&D de Vithas en su camino a la excelencia - Grupo Hedima Corporate L&amp;D","og_description":"Formaci\u00f3n y desarrollo: Una estrategia L&D de autoaprendizaje que mejora la competitividad y fideliza el talento.","og_url":"https:\/\/grupohedimacorporate.com\/la-formacion-y-la-excelencia-en-vithas\/","og_site_name":"Grupo Hedima Corporate L&amp;D","article_published_time":"2023-06-27T12:35:53+00:00","article_modified_time":"2024-06-12T08:17:01+00:00","og_image":[{"width":2560,"height":1767,"url":"https:\/\/grupohedimacorporate.com\/wp-content\/uploads\/2023\/06\/Vithas_Banner_Header_02-scaled.jpg","type":"image\/jpeg"}],"author":"Ovidi Fern\u00e1ndez","twitter_card":"summary_large_image","twitter_creator":"@GrupoHedimaLD","twitter_site":"@GrupoHedimaLD","twitter_misc":{"Escrito por":"Ovidi Fern\u00e1ndez","Tiempo de lectura":"8 minutos"},"schema":{"@context":"https:\/\/schema.org","@graph":[{"@type":"Article","@id":"https:\/\/grupohedimacorporate.com\/la-formacion-y-la-excelencia-en-vithas\/#article","isPartOf":{"@id":"https:\/\/grupohedimacorporate.com\/la-formacion-y-la-excelencia-en-vithas\/"},"author":{"name":"Ovidi Fern\u00e1ndez","@id":"https:\/\/grupohedimacorporate.com\/#\/schema\/person\/d799de0faae43934e0535e76f6e11fe3"},"headline":"El L&#038;D de Vithas en su camino a la excelencia","datePublished":"2023-06-27T12:35:53+00:00","dateModified":"2024-06-12T08:17:01+00:00","mainEntityOfPage":{"@id":"https:\/\/grupohedimacorporate.com\/la-formacion-y-la-excelencia-en-vithas\/"},"wordCount":1609,"commentCount":0,"publisher":{"@id":"https:\/\/grupohedimacorporate.com\/#organization"},"image":{"@id":"https:\/\/grupohedimacorporate.com\/la-formacion-y-la-excelencia-en-vithas\/#primaryimage"},"thumbnailUrl":"https:\/\/grupohedimacorporate.com\/wp-content\/uploads\/2023\/06\/Vithas_Banner_Header_02-scaled.jpg","keywords":["Experiencias"],"articleSection":["Experiencias"],"inLanguage":"es","potentialAction":[{"@type":"CommentAction","name":"Comment","target":["https:\/\/grupohedimacorporate.com\/la-formacion-y-la-excelencia-en-vithas\/#respond"]}]},{"@type":"WebPage","@id":"https:\/\/grupohedimacorporate.com\/la-formacion-y-la-excelencia-en-vithas\/","url":"https:\/\/grupohedimacorporate.com\/la-formacion-y-la-excelencia-en-vithas\/","name":"El L&D de Vithas en su camino a la excelencia - Grupo Hedima Corporate L&amp;D","isPartOf":{"@id":"https:\/\/grupohedimacorporate.com\/#website"},"primaryImageOfPage":{"@id":"https:\/\/grupohedimacorporate.com\/la-formacion-y-la-excelencia-en-vithas\/#primaryimage"},"image":{"@id":"https:\/\/grupohedimacorporate.com\/la-formacion-y-la-excelencia-en-vithas\/#primaryimage"},"thumbnailUrl":"https:\/\/grupohedimacorporate.com\/wp-content\/uploads\/2023\/06\/Vithas_Banner_Header_02-scaled.jpg","datePublished":"2023-06-27T12:35:53+00:00","dateModified":"2024-06-12T08:17:01+00:00","description":"Formaci\u00f3n y desarrollo: Una estrategia L&D de autoaprendizaje que mejora la competitividad y fideliza el talento.","breadcrumb":{"@id":"https:\/\/grupohedimacorporate.com\/la-formacion-y-la-excelencia-en-vithas\/#breadcrumb"},"inLanguage":"es","potentialAction":[{"@type":"ReadAction","target":["https:\/\/grupohedimacorporate.com\/la-formacion-y-la-excelencia-en-vithas\/"]}]},{"@type":"ImageObject","inLanguage":"es","@id":"https:\/\/grupohedimacorporate.com\/la-formacion-y-la-excelencia-en-vithas\/#primaryimage","url":"https:\/\/grupohedimacorporate.com\/wp-content\/uploads\/2023\/06\/Vithas_Banner_Header_02-scaled.jpg","contentUrl":"https:\/\/grupohedimacorporate.com\/wp-content\/uploads\/2023\/06\/Vithas_Banner_Header_02-scaled.jpg","width":2560,"height":1767,"caption":"Grupo Hedima Corporate L&D ayuda decisivamente a Vithas en su estrategia de formaci\u00f3n."},{"@type":"BreadcrumbList","@id":"https:\/\/grupohedimacorporate.com\/la-formacion-y-la-excelencia-en-vithas\/#breadcrumb","itemListElement":[{"@type":"ListItem","position":1,"name":"Home","item":"https:\/\/grupohedimacorporate.com\/"},{"@type":"ListItem","position":2,"name":"El L&#038;D de Vithas en su camino a la excelencia"}]},{"@type":"WebSite","@id":"https:\/\/grupohedimacorporate.com\/#website","url":"https:\/\/grupohedimacorporate.com\/","name":"Grupo Hedima Corporate L&amp;D","description":"Learning corporativo alineado con tus objetivos de negocio.","publisher":{"@id":"https:\/\/grupohedimacorporate.com\/#organization"},"potentialAction":[{"@type":"SearchAction","target":{"@type":"EntryPoint","urlTemplate":"https:\/\/grupohedimacorporate.com\/?s={search_term_string}"},"query-input":{"@type":"PropertyValueSpecification","valueRequired":true,"valueName":"search_term_string"}}],"inLanguage":"es"},{"@type":"Organization","@id":"https:\/\/grupohedimacorporate.com\/#organization","name":"Grupo Hedima Corporate L&D","url":"https:\/\/grupohedimacorporate.com\/","logo":{"@type":"ImageObject","inLanguage":"es","@id":"https:\/\/grupohedimacorporate.com\/#\/schema\/logo\/image\/","url":"https:\/\/grupohedimacorporate.com\/wp-content\/uploads\/2021\/12\/Logo_GH_v2021.png","contentUrl":"https:\/\/grupohedimacorporate.com\/wp-content\/uploads\/2021\/12\/Logo_GH_v2021.png","width":1169,"height":596,"caption":"Grupo Hedima Corporate L&D"},"image":{"@id":"https:\/\/grupohedimacorporate.com\/#\/schema\/logo\/image\/"},"sameAs":["https:\/\/x.com\/GrupoHedimaLD","https:\/\/www.linkedin.com\/company\/grupohedima-corporate\/mycompany\/?viewAsMember=true"]},{"@type":"Person","@id":"https:\/\/grupohedimacorporate.com\/#\/schema\/person\/d799de0faae43934e0535e76f6e11fe3","name":"Ovidi Fern\u00e1ndez","image":{"@type":"ImageObject","inLanguage":"es","@id":"https:\/\/grupohedimacorporate.com\/#\/schema\/person\/image\/","url":"https:\/\/secure.gravatar.com\/avatar\/df9da814332d40a73df1760651689fd2014b36131f051e4ca5623be4f536ebbb?s=96&d=mm&r=g","contentUrl":"https:\/\/secure.gravatar.com\/avatar\/df9da814332d40a73df1760651689fd2014b36131f051e4ca5623be4f536ebbb?s=96&d=mm&r=g","caption":"Ovidi Fern\u00e1ndez"},"url":"https:\/\/grupohedimacorporate.com\/author\/ofernandez\/"}]}},"_links":{"self":[{"href":"https:\/\/grupohedimacorporate.com\/api\/wp\/v2\/posts\/1422","targetHints":{"allow":["GET"]}}],"collection":[{"href":"https:\/\/grupohedimacorporate.com\/api\/wp\/v2\/posts"}],"about":[{"href":"https:\/\/grupohedimacorporate.com\/api\/wp\/v2\/types\/post"}],"author":[{"embeddable":true,"href":"https:\/\/grupohedimacorporate.com\/api\/wp\/v2\/users\/2"}],"replies":[{"embeddable":true,"href":"https:\/\/grupohedimacorporate.com\/api\/wp\/v2\/comments?post=1422"}],"version-history":[{"count":25,"href":"https:\/\/grupohedimacorporate.com\/api\/wp\/v2\/posts\/1422\/revisions"}],"predecessor-version":[{"id":1449,"href":"https:\/\/grupohedimacorporate.com\/api\/wp\/v2\/posts\/1422\/revisions\/1449"}],"wp:featuredmedia":[{"embeddable":true,"href":"https:\/\/grupohedimacorporate.com\/api\/wp\/v2\/media\/1438"}],"wp:attachment":[{"href":"https:\/\/grupohedimacorporate.com\/api\/wp\/v2\/media?parent=1422"}],"wp:term":[{"taxonomy":"category","embeddable":true,"href":"https:\/\/grupohedimacorporate.com\/api\/wp\/v2\/categories?post=1422"},{"taxonomy":"post_tag","embeddable":true,"href":"https:\/\/grupohedimacorporate.com\/api\/wp\/v2\/tags?post=1422"}],"curies":[{"name":"wp","href":"https:\/\/api.w.org\/{rel}","templated":true}]}}